{"id":24846745,"date":"2024-09-09T06:35:04","date_gmt":"2024-09-09T06:35:04","guid":{"rendered":"https:\/\/bilfrakt.se\/?p=24846745"},"modified":"2024-09-09T06:35:07","modified_gmt":"2024-09-09T06:35:07","slug":"yrkesforarens-dag-9-9","status":"publish","type":"post","link":"https:\/\/bilfrakt.se\/en\/2024\/09\/09\/yrkesforarens-dag-9-9\/","title":{"rendered":"Yrkesf\u00f6rarens dag 9\/9"},"content":{"rendered":"\n[et_pb_section fb_built=&#8221;1&#8243; theme_builder_area=&#8221;post_content&#8221; _builder_version=&#8221;4.27.0&#8243; _module_preset=&#8221;default&#8221;][et_pb_row _builder_version=&#8221;4.27.0&#8243; _module_preset=&#8221;default&#8221; theme_builder_area=&#8221;post_content&#8221;][et_pb_column _builder_version=&#8221;4.27.0&#8243; _module_preset=&#8221;default&#8221; type=&#8221;4_4&#8243; theme_builder_area=&#8221;post_content&#8221;][et_pb_text _builder_version=&#8221;4.27.0&#8243; _module_preset=&#8221;default&#8221; theme_builder_area=&#8221;post_content&#8221; hover_enabled=&#8221;0&#8243; sticky_enabled=&#8221;0&#8243;]<p style=\"text-align: center;\">Idag vill vi hylla alla fantastiska yrkesf\u00f6rare d\u00e4r ute lite extra genom att uppm\u00e4rksamma yrkesf\u00f6rarens dag!<br \/>Allt du \u00e4ter, \u00e4ger eller har p\u00e5 dig har n\u00e5gon g\u00e5ng transporterats. Varje dag, varje timme transporterar sveriges yrkesf\u00f6rare b\u00e5de gods, m\u00e4nniskor och anl\u00e4ggningsmaterial f\u00f6r att vi ska f\u00e5 mediciner till sjukhuset, mj\u00f6lken i kaffet eller byggnadsmaterial f\u00f6r att kunna bygga upp den infrastruktur som vi har i Sverige idag. S\u00e5 tack alla Yrkesf\u00f6rare, tack f\u00f6r att ni ser till att Sverige forts\u00e4tter rulla!<\/p>\n<p><img loading=\"lazy\" decoding=\"async\" src=\"https:\/\/bilfrakt.se\/wp-content\/uploads\/2024\/09\/Yrkesforarens-dag-300x300.png\" width=\"300\" height=\"300\" alt=\"\" class=\"wp-image-24846741 alignnone size-medium\" style=\"display: block; margin-left: auto; margin-right: auto;\" srcset=\"https:\/\/bilfrakt.se\/wp-content\/uploads\/2024\/09\/Yrkesforarens-dag-300x300.png 300w, https:\/\/bilfrakt.se\/wp-content\/uploads\/2024\/09\/Yrkesforarens-dag-1024x1024.png 1024w, https:\/\/bilfrakt.se\/wp-content\/uploads\/2024\/09\/Yrkesforarens-dag-150x150.png 150w, https:\/\/bilfrakt.se\/wp-content\/uploads\/2024\/09\/Yrkesforarens-dag-768x768.png 768w, https:\/\/bilfrakt.se\/wp-content\/uploads\/2024\/09\/Yrkesforarens-dag-1536x1536.png 1536w, https:\/\/bilfrakt.se\/wp-content\/uploads\/2024\/09\/Yrkesforarens-dag-2048x2048.png 2048w, https:\/\/bilfrakt.se\/wp-content\/uploads\/2024\/09\/Yrkesforarens-dag-12x12.png 12w, https:\/\/bilfrakt.se\/wp-content\/uploads\/2024\/09\/Yrkesforarens-dag-1080x1080.png 1080w\" sizes=\"(max-width: 300px) 100vw, 300px\" \/><\/p>[\/et_pb_text][\/et_pb_column][\/et_pb_row][\/et_pb_section]\n","protected":false},"excerpt":{"rendered":"<p>Idag vill vi hylla alla fantastiska yrkesf\u00f6rare d\u00e4r ute lite extra genom att uppm\u00e4rksamma yrkesf\u00f6rarens dag!Allt du \u00e4ter, \u00e4ger eller har p\u00e5 dig har n\u00e5gon g\u00e5ng transporterats. Varje dag, varje timme transporterar sveriges yrkesf\u00f6rare b\u00e5de gods, m\u00e4nniskor och anl\u00e4ggningsmaterial f\u00f6r att vi ska f\u00e5 mediciner till sjukhuset, mj\u00f6lken i kaffet eller byggnadsmaterial f\u00f6r att kunna [&hellip;]<\/p>\n","protected":false},"author":4,"featured_media":24846741,"comment_status":"closed","ping_status":"closed","sticky":false,"template":"","format":"standard","meta":{"_et_pb_use_builder":"on","_et_pb_old_content":"","_et_gb_content_width":"","footnotes":""},"categories":[20],"tags":[],"dipi_cpt_category":[],"class_list":["post-24846745","post","type-post","status-publish","format-standard","has-post-thumbnail","hentry","category-aktuellt"],"yoast_head":"<!-- This site is optimized with the Yoast SEO plugin v28.4 - https:\/\/yoast.com\/product\/yoast-seo-wordpress\/ -->\n<title>Yrkesf\u00f6rarens dag 9\/9 - Bilfrakt<\/title>\n<meta name=\"robots\" content=\"index, follow, max-snippet:-1, max-image-preview:large, max-video-preview:-1\" \/>\n<link rel=\"canonical\" href=\"https:\/\/bilfrakt.se\/en\/2024\/09\/09\/yrkesforarens-dag-9-9\/\" \/>\n<meta property=\"og:locale\" content=\"en_GB\" \/>\n<meta property=\"og:type\" content=\"article\" \/>\n<meta property=\"og:title\" content=\"Yrkesf\u00f6rarens dag 9\/9 - Bilfrakt\" \/>\n<meta property=\"og:description\" content=\"Idag vill vi hylla alla fantastiska yrkesf\u00f6rare d\u00e4r ute lite extra genom att uppm\u00e4rksamma yrkesf\u00f6rarens dag!Allt du \u00e4ter, \u00e4ger eller har p\u00e5 dig har n\u00e5gon g\u00e5ng transporterats. Varje dag, varje timme transporterar sveriges yrkesf\u00f6rare b\u00e5de gods, m\u00e4nniskor och anl\u00e4ggningsmaterial f\u00f6r att vi ska f\u00e5 mediciner till sjukhuset, mj\u00f6lken i kaffet eller byggnadsmaterial f\u00f6r att kunna [&hellip;]\" \/>\n<meta property=\"og:url\" content=\"https:\/\/bilfrakt.se\/en\/2024\/09\/09\/yrkesforarens-dag-9-9\/\" \/>\n<meta property=\"og:site_name\" content=\"Bilfrakt\" \/>\n<meta property=\"article:published_time\" content=\"2024-09-09T06:35:04+00:00\" \/>\n<meta property=\"article:modified_time\" content=\"2024-09-09T06:35:07+00:00\" \/>\n<meta property=\"og:image\" content=\"https:\/\/bilfrakt.se\/wp-content\/uploads\/2024\/09\/Yrkesforarens-dag.png\" \/>\n\t<meta property=\"og:image:width\" content=\"2500\" \/>\n\t<meta property=\"og:image:height\" content=\"2500\" \/>\n<meta name=\"author\" content=\"Bilfrakt\" \/>\n<meta name=\"twitter:card\" content=\"summary_large_image\" \/>\n<meta name=\"twitter:label1\" content=\"Written by\" \/>\n\t<meta name=\"twitter:data1\" content=\"Bilfrakt\" \/>\n\t<meta name=\"twitter:label2\" content=\"Estimated reading time\" \/>\n\t<meta name=\"twitter:data2\" content=\"1 minute\" \/>\n<script type=\"application\/ld+json\" class=\"yoast-schema-graph\">{\"@context\":\"https:\\\/\\\/schema.org\",\"@graph\":[{\"@type\":\"Article\",\"@id\":\"https:\\\/\\\/bilfrakt.se\\\/2024\\\/09\\\/09\\\/yrkesforarens-dag-9-9\\\/#article\",\"isPartOf\":{\"@id\":\"https:\\\/\\\/bilfrakt.se\\\/2024\\\/09\\\/09\\\/yrkesforarens-dag-9-9\\\/\"},\"author\":{\"name\":\"Bilfrakt\",\"@id\":\"https:\\\/\\\/bilfrakt.se\\\/#\\\/schema\\\/person\\\/bc90b2d0d0233138bda26a57f804f820\"},\"headline\":\"Yrkesf\u00f6rarens dag 9\\\/9\",\"datePublished\":\"2024-09-09T06:35:04+00:00\",\"dateModified\":\"2024-09-09T06:35:07+00:00\",\"mainEntityOfPage\":{\"@id\":\"https:\\\/\\\/bilfrakt.se\\\/2024\\\/09\\\/09\\\/yrkesforarens-dag-9-9\\\/\"},\"wordCount\":170,\"image\":{\"@id\":\"https:\\\/\\\/bilfrakt.se\\\/2024\\\/09\\\/09\\\/yrkesforarens-dag-9-9\\\/#primaryimage\"},\"thumbnailUrl\":\"https:\\\/\\\/bilfrakt.se\\\/wp-content\\\/uploads\\\/2024\\\/09\\\/Yrkesforarens-dag.png\",\"articleSection\":[\"Aktuellt\"],\"inLanguage\":\"en-GB\"},{\"@type\":\"WebPage\",\"@id\":\"https:\\\/\\\/bilfrakt.se\\\/2024\\\/09\\\/09\\\/yrkesforarens-dag-9-9\\\/\",\"url\":\"https:\\\/\\\/bilfrakt.se\\\/2024\\\/09\\\/09\\\/yrkesforarens-dag-9-9\\\/\",\"name\":\"Yrkesf\u00f6rarens dag 9\\\/9 - Bilfrakt\",\"isPartOf\":{\"@id\":\"https:\\\/\\\/bilfrakt.se\\\/#website\"},\"primaryImageOfPage\":{\"@id\":\"https:\\\/\\\/bilfrakt.se\\\/2024\\\/09\\\/09\\\/yrkesforarens-dag-9-9\\\/#primaryimage\"},\"image\":{\"@id\":\"https:\\\/\\\/bilfrakt.se\\\/2024\\\/09\\\/09\\\/yrkesforarens-dag-9-9\\\/#primaryimage\"},\"thumbnailUrl\":\"https:\\\/\\\/bilfrakt.se\\\/wp-content\\\/uploads\\\/2024\\\/09\\\/Yrkesforarens-dag.png\",\"datePublished\":\"2024-09-09T06:35:04+00:00\",\"dateModified\":\"2024-09-09T06:35:07+00:00\",\"author\":{\"@id\":\"https:\\\/\\\/bilfrakt.se\\\/#\\\/schema\\\/person\\\/bc90b2d0d0233138bda26a57f804f820\"},\"breadcrumb\":{\"@id\":\"https:\\\/\\\/bilfrakt.se\\\/2024\\\/09\\\/09\\\/yrkesforarens-dag-9-9\\\/#breadcrumb\"},\"inLanguage\":\"en-GB\",\"potentialAction\":[{\"@type\":\"ReadAction\",\"target\":[\"https:\\\/\\\/bilfrakt.se\\\/2024\\\/09\\\/09\\\/yrkesforarens-dag-9-9\\\/\"]}]},{\"@type\":\"ImageObject\",\"inLanguage\":\"en-GB\",\"@id\":\"https:\\\/\\\/bilfrakt.se\\\/2024\\\/09\\\/09\\\/yrkesforarens-dag-9-9\\\/#primaryimage\",\"url\":\"https:\\\/\\\/bilfrakt.se\\\/wp-content\\\/uploads\\\/2024\\\/09\\\/Yrkesforarens-dag.png\",\"contentUrl\":\"https:\\\/\\\/bilfrakt.se\\\/wp-content\\\/uploads\\\/2024\\\/09\\\/Yrkesforarens-dag.png\",\"width\":2500,\"height\":2500,\"caption\":\"Emblem med texten \\\"Yrkesf\u00f6rarens dag 9\\\/9 I samarbete med TYA\\\"\"},{\"@type\":\"BreadcrumbList\",\"@id\":\"https:\\\/\\\/bilfrakt.se\\\/2024\\\/09\\\/09\\\/yrkesforarens-dag-9-9\\\/#breadcrumb\",\"itemListElement\":[{\"@type\":\"ListItem\",\"position\":1,\"name\":\"Hem\",\"item\":\"https:\\\/\\\/bilfrakt.se\\\/\"},{\"@type\":\"ListItem\",\"position\":2,\"name\":\"Yrkesf\u00f6rarens dag 9\\\/9\"}]},{\"@type\":\"WebSite\",\"@id\":\"https:\\\/\\\/bilfrakt.se\\\/#website\",\"url\":\"https:\\\/\\\/bilfrakt.se\\\/\",\"name\":\"Bilfrakt\",\"description\":\"Tillsammans p&aring; v&auml;g fram&aring;t\",\"potentialAction\":[{\"@type\":\"SearchAction\",\"target\":{\"@type\":\"EntryPoint\",\"urlTemplate\":\"https:\\\/\\\/bilfrakt.se\\\/?s={search_term_string}\"},\"query-input\":{\"@type\":\"PropertyValueSpecification\",\"valueRequired\":true,\"valueName\":\"search_term_string\"}}],\"inLanguage\":\"en-GB\"},{\"@type\":\"Person\",\"@id\":\"https:\\\/\\\/bilfrakt.se\\\/#\\\/schema\\\/person\\\/bc90b2d0d0233138bda26a57f804f820\",\"name\":\"Bilfrakt\",\"image\":{\"@type\":\"ImageObject\",\"inLanguage\":\"en-GB\",\"@id\":\"https:\\\/\\\/secure.gravatar.com\\\/avatar\\\/5599a348ac0bea34905ab56d6ec1f51150557a1a546006f865406ce496c16869?s=96&d=mm&r=g\",\"url\":\"https:\\\/\\\/secure.gravatar.com\\\/avatar\\\/5599a348ac0bea34905ab56d6ec1f51150557a1a546006f865406ce496c16869?s=96&d=mm&r=g\",\"contentUrl\":\"https:\\\/\\\/secure.gravatar.com\\\/avatar\\\/5599a348ac0bea34905ab56d6ec1f51150557a1a546006f865406ce496c16869?s=96&d=mm&r=g\",\"caption\":\"Bilfrakt\"},\"url\":\"https:\\\/\\\/bilfrakt.se\\\/en\\\/author\\\/bilfrakt\\\/\"}]}<\/script>\n<!-- \/ Yoast SEO plugin. -->","yoast_head_json":{"title":"Yrkesf\u00f6rarens dag 9\/9 - Bilfrakt","robots":{"index":"index","follow":"follow","max-snippet":"max-snippet:-1","max-image-preview":"max-image-preview:large","max-video-preview":"max-video-preview:-1"},"canonical":"https:\/\/bilfrakt.se\/en\/2024\/09\/09\/yrkesforarens-dag-9-9\/","og_locale":"en_GB","og_type":"article","og_title":"Yrkesf\u00f6rarens dag 9\/9 - Bilfrakt","og_description":"Idag vill vi hylla alla fantastiska yrkesf\u00f6rare d\u00e4r ute lite extra genom att uppm\u00e4rksamma yrkesf\u00f6rarens dag!Allt du \u00e4ter, \u00e4ger eller har p\u00e5 dig har n\u00e5gon g\u00e5ng transporterats. Varje dag, varje timme transporterar sveriges yrkesf\u00f6rare b\u00e5de gods, m\u00e4nniskor och anl\u00e4ggningsmaterial f\u00f6r att vi ska f\u00e5 mediciner till sjukhuset, mj\u00f6lken i kaffet eller byggnadsmaterial f\u00f6r att kunna [&hellip;]","og_url":"https:\/\/bilfrakt.se\/en\/2024\/09\/09\/yrkesforarens-dag-9-9\/","og_site_name":"Bilfrakt","article_published_time":"2024-09-09T06:35:04+00:00","article_modified_time":"2024-09-09T06:35:07+00:00","og_image":[{"url":"https:\/\/bilfrakt.se\/wp-content\/uploads\/2024\/09\/Yrkesforarens-dag.png","width":2500,"height":2500,"type":""}],"author":"Bilfrakt","twitter_card":"summary_large_image","twitter_misc":{"Written by":"Bilfrakt","Estimated reading time":"1 minute"},"schema":{"@context":"https:\/\/schema.org","@graph":[{"@type":"Article","@id":"https:\/\/bilfrakt.se\/2024\/09\/09\/yrkesforarens-dag-9-9\/#article","isPartOf":{"@id":"https:\/\/bilfrakt.se\/2024\/09\/09\/yrkesforarens-dag-9-9\/"},"author":{"name":"Bilfrakt","@id":"https:\/\/bilfrakt.se\/#\/schema\/person\/bc90b2d0d0233138bda26a57f804f820"},"headline":"Yrkesf\u00f6rarens dag 9\/9","datePublished":"2024-09-09T06:35:04+00:00","dateModified":"2024-09-09T06:35:07+00:00","mainEntityOfPage":{"@id":"https:\/\/bilfrakt.se\/2024\/09\/09\/yrkesforarens-dag-9-9\/"},"wordCount":170,"image":{"@id":"https:\/\/bilfrakt.se\/2024\/09\/09\/yrkesforarens-dag-9-9\/#primaryimage"},"thumbnailUrl":"https:\/\/bilfrakt.se\/wp-content\/uploads\/2024\/09\/Yrkesforarens-dag.png","articleSection":["Aktuellt"],"inLanguage":"en-GB"},{"@type":"WebPage","@id":"https:\/\/bilfrakt.se\/2024\/09\/09\/yrkesforarens-dag-9-9\/","url":"https:\/\/bilfrakt.se\/2024\/09\/09\/yrkesforarens-dag-9-9\/","name":"Yrkesf\u00f6rarens dag 9\/9 - Bilfrakt","isPartOf":{"@id":"https:\/\/bilfrakt.se\/#website"},"primaryImageOfPage":{"@id":"https:\/\/bilfrakt.se\/2024\/09\/09\/yrkesforarens-dag-9-9\/#primaryimage"},"image":{"@id":"https:\/\/bilfrakt.se\/2024\/09\/09\/yrkesforarens-dag-9-9\/#primaryimage"},"thumbnailUrl":"https:\/\/bilfrakt.se\/wp-content\/uploads\/2024\/09\/Yrkesforarens-dag.png","datePublished":"2024-09-09T06:35:04+00:00","dateModified":"2024-09-09T06:35:07+00:00","author":{"@id":"https:\/\/bilfrakt.se\/#\/schema\/person\/bc90b2d0d0233138bda26a57f804f820"},"breadcrumb":{"@id":"https:\/\/bilfrakt.se\/2024\/09\/09\/yrkesforarens-dag-9-9\/#breadcrumb"},"inLanguage":"en-GB","potentialAction":[{"@type":"ReadAction","target":["https:\/\/bilfrakt.se\/2024\/09\/09\/yrkesforarens-dag-9-9\/"]}]},{"@type":"ImageObject","inLanguage":"en-GB","@id":"https:\/\/bilfrakt.se\/2024\/09\/09\/yrkesforarens-dag-9-9\/#primaryimage","url":"https:\/\/bilfrakt.se\/wp-content\/uploads\/2024\/09\/Yrkesforarens-dag.png","contentUrl":"https:\/\/bilfrakt.se\/wp-content\/uploads\/2024\/09\/Yrkesforarens-dag.png","width":2500,"height":2500,"caption":"Emblem med texten \"Yrkesf\u00f6rarens dag 9\/9 I samarbete med TYA\""},{"@type":"BreadcrumbList","@id":"https:\/\/bilfrakt.se\/2024\/09\/09\/yrkesforarens-dag-9-9\/#breadcrumb","itemListElement":[{"@type":"ListItem","position":1,"name":"Hem","item":"https:\/\/bilfrakt.se\/"},{"@type":"ListItem","position":2,"name":"Yrkesf\u00f6rarens dag 9\/9"}]},{"@type":"WebSite","@id":"https:\/\/bilfrakt.se\/#website","url":"https:\/\/bilfrakt.se\/","name":"Bilfrakt","description":"Tillsammans p&aring; v&auml;g fram&aring;t","potentialAction":[{"@type":"SearchAction","target":{"@type":"EntryPoint","urlTemplate":"https:\/\/bilfrakt.se\/?s={search_term_string}"},"query-input":{"@type":"PropertyValueSpecification","valueRequired":true,"valueName":"search_term_string"}}],"inLanguage":"en-GB"},{"@type":"Person","@id":"https:\/\/bilfrakt.se\/#\/schema\/person\/bc90b2d0d0233138bda26a57f804f820","name":"Bilfrakt","image":{"@type":"ImageObject","inLanguage":"en-GB","@id":"https:\/\/secure.gravatar.com\/avatar\/5599a348ac0bea34905ab56d6ec1f51150557a1a546006f865406ce496c16869?s=96&d=mm&r=g","url":"https:\/\/secure.gravatar.com\/avatar\/5599a348ac0bea34905ab56d6ec1f51150557a1a546006f865406ce496c16869?s=96&d=mm&r=g","contentUrl":"https:\/\/secure.gravatar.com\/avatar\/5599a348ac0bea34905ab56d6ec1f51150557a1a546006f865406ce496c16869?s=96&d=mm&r=g","caption":"Bilfrakt"},"url":"https:\/\/bilfrakt.se\/en\/author\/bilfrakt\/"}]}},"_links":{"self":[{"href":"https:\/\/bilfrakt.se\/en\/wp-json\/wp\/v2\/posts\/24846745","targetHints":{"allow":["GET"]}}],"collection":[{"href":"https:\/\/bilfrakt.se\/en\/wp-json\/wp\/v2\/posts"}],"about":[{"href":"https:\/\/bilfrakt.se\/en\/wp-json\/wp\/v2\/types\/post"}],"author":[{"embeddable":true,"href":"https:\/\/bilfrakt.se\/en\/wp-json\/wp\/v2\/users\/4"}],"replies":[{"embeddable":true,"href":"https:\/\/bilfrakt.se\/en\/wp-json\/wp\/v2\/comments?post=24846745"}],"version-history":[{"count":3,"href":"https:\/\/bilfrakt.se\/en\/wp-json\/wp\/v2\/posts\/24846745\/revisions"}],"predecessor-version":[{"id":24846749,"href":"https:\/\/bilfrakt.se\/en\/wp-json\/wp\/v2\/posts\/24846745\/revisions\/24846749"}],"wp:featuredmedia":[{"embeddable":true,"href":"https:\/\/bilfrakt.se\/en\/wp-json\/wp\/v2\/media\/24846741"}],"wp:attachment":[{"href":"https:\/\/bilfrakt.se\/en\/wp-json\/wp\/v2\/media?parent=24846745"}],"wp:term":[{"taxonomy":"category","embeddable":true,"href":"https:\/\/bilfrakt.se\/en\/wp-json\/wp\/v2\/categories?post=24846745"},{"taxonomy":"post_tag","embeddable":true,"href":"https:\/\/bilfrakt.se\/en\/wp-json\/wp\/v2\/tags?post=24846745"},{"taxonomy":"dipi_cpt_category","embeddable":true,"href":"https:\/\/bilfrakt.se\/en\/wp-json\/wp\/v2\/dipi_cpt_category?post=24846745"}],"curies":[{"name":"wp","href":"https:\/\/api.w.org\/{rel}","templated":true}]}}