{"id":24846868,"date":"2024-11-19T13:04:13","date_gmt":"2024-11-19T13:04:13","guid":{"rendered":"https:\/\/bilfrakt.se\/?p=24846868"},"modified":"2024-11-19T13:30:24","modified_gmt":"2024-11-19T13:30:24","slug":"24846868","status":"publish","type":"post","link":"https:\/\/bilfrakt.se\/en\/2024\/11\/19\/24846868\/","title":{"rendered":"Vi s\u00f6ker en Transportledare Anl\u00e4ggning till Bilfrakt Skellefte\u00e5"},"content":{"rendered":"<p>[et_pb_section fb_built=&#8221;1&#8243; _builder_version=&#8221;4.27.2&#8243; _module_preset=&#8221;default&#8221; global_colors_info=&#8221;{}&#8221; theme_builder_area=&#8221;post_content&#8221;][et_pb_row _builder_version=&#8221;4.27.2&#8243; _module_preset=&#8221;default&#8221; global_colors_info=&#8221;{}&#8221; theme_builder_area=&#8221;post_content&#8221;][et_pb_column type=&#8221;4_4&#8243; _builder_version=&#8221;4.27.2&#8243; _module_preset=&#8221;default&#8221; global_colors_info=&#8221;{}&#8221; theme_builder_area=&#8221;post_content&#8221;][et_pb_image src=&#8221;https:\/\/bilfrakt.se\/wp-content\/uploads\/2024\/10\/DSC_0141-scaled.jpg&#8221; title_text=&#8221;DSC_0141&#8243; _builder_version=&#8221;4.27.2&#8243; _module_preset=&#8221;default&#8221; custom_padding=&#8221;|0px||||&#8221; global_colors_info=&#8221;{}&#8221; theme_builder_area=&#8221;post_content&#8221;][\/et_pb_image][et_pb_text _builder_version=&#8221;4.27.2&#8243; _module_preset=&#8221;default&#8221; global_colors_info=&#8221;{}&#8221; theme_builder_area=&#8221;post_content&#8221;]<\/p>\n<p>&nbsp;<\/p>\n<p>&nbsp;<\/p>\n<h3><strong>Bilfrakt Bothnia AB s\u00f6ker en transportledare till anl\u00e4ggning i Skellefte\u00e5!<\/strong><\/h3>\n<h3><\/h3>\n<div class=\"subcompany-desc mb\"><\/div>\n<div class=\"job-desc mb\">\n<p><strong>Att vara Transportledare hos oss p\u00e5 Bilfrakt \u00e4r en utmanande och stimulerande roll f\u00f6r dig som vill utvecklas i ditt arbete. Du \u00e4r en del av ett team som ansvarar f\u00f6r den dagliga driften av transport och maskinverksamhet och du kommer att jobba med teamet p\u00e5 aff\u00e4rsomr\u00e5det anl\u00e4ggning.<\/strong><\/p>\n<p><strong>Din roll<\/strong><br \/>Du ansvarar f\u00f6r planeringen av materialtransporter och maskiner med maximalt utnyttjande som m\u00e5l. Att vara transportledare inneb\u00e4r ocks\u00e5 att ha t\u00e4ta kontakter med v\u00e5ra kunder och del\u00e4gare, du f\u00f6rst\u00e5r vikten av att ge f\u00f6rarna b\u00e4sta m\u00f6jliga f\u00f6ruts\u00e4ttningar att leverera och s\u00e4tta kunden i centrum. Du kommer \u00e4ven att arbeta med att administrera v\u00e5ra order samt arbeta f\u00f6r att fr\u00e4mja v\u00e5r elektroniska kommunikation via app och webb.<\/p>\n<p><strong>Den vi s\u00f6ker<\/strong><br \/>I rollen som transportledare v\u00e4ntas du ta ansvar genom struktur och engagemang och samtidigt har en f\u00f6rm\u00e5ga att arbeta snabbt och effektivt. F\u00f6r att trivas i jobbet beh\u00f6ver du ha f\u00f6rm\u00e5ga att snabbt v\u00e4xla mellan olika arbetsuppgifter och ha l\u00e4tt f\u00f6r att anpassa dig till \u00e4ndrade f\u00f6ruts\u00e4ttningar. Du \u00e4r social och har god kommunikativ f\u00f6rm\u00e5ga d\u00e5 du dagligen kommer att hantera m\u00e5nga inkommande och utg\u00e5ende samtal med v\u00e5ra kunder och del\u00e4gare i diverse \u00e4renden.<\/p>\n<p>Vi uppskattar kollegor som har ett positivt och \u00f6ppet f\u00f6rh\u00e5llningss\u00e4tt. \u00c4r du nyfiken, har en god servicek\u00e4nsla och ett engagemang f\u00f6r ditt arbete s\u00e5 kommer du att bli en stor tillg\u00e5ng f\u00f6r oss. Vi f\u00e4ster stor vikt vid dina personliga egenskaper.<\/p>\n<p><strong>Om Bilfrakt<\/strong><\/p>\n<p>Bilfrakt \u00e4r det ledande logistik-, maskin- och entreprenadf\u00f6retaget i V\u00e4sterbotten med en oms\u00e4ttning p\u00e5 ca 600 mkr, 600 fordon och 800 sysselsatta personer. Bilfrakt \u00e4gs och drivs av \u00f6ver 200 \u00e5kerier, alla med sin specialistkompetens och en modern maskin- och fordonspark utrustad med det senaste inom informationsteknologi, f\u00f6r att leverera v\u00e4rdeskapande flexibla logistik och entreprenadl\u00f6sningar i Norr, med omtanke om kund, klimat och milj\u00f6.<br \/><strong><br \/>Kontaktuppgifter och ans\u00f6kan<\/strong><\/p>\n<p>Den h\u00e4r rekryteringsprocessen hanteras av Ax\u00f6 Consulting f\u00f6r Bilfrakts r\u00e4kning, vilket inneb\u00e4r att du kommer att bli anst\u00e4lld direkt av Bilfrakt. Vid fr\u00e5gor om tj\u00e4nsten \u00e4r du v\u00e4lkommen att kontakta ansvarig rekryterare Cathrine Lind p\u00e5 telefonnummer: 070-5770618 eller via e-post: cathrine.lind@axoconsulting.se<\/p>\n<p>Obs! Vi arbetar med l\u00f6pande urval, s\u00e5 skicka in ans\u00f6kan redan nu.<\/p>\n<p><em><span style=\"text-decoration: underline;\"><a href=\"https:\/\/axoconsulting.varbi.com\/se\/what:job\/jobID:771368\/\"><span style=\"font-size: x-large;\"><strong>Klicka h\u00e4r f\u00f6r mer information och ans\u00f6kan.<\/strong><\/span><\/a><\/span><\/em><\/p>\n<\/div>\n<p>[\/et_pb_text][\/et_pb_column][\/et_pb_row][\/et_pb_section]<\/p>\n","protected":false},"excerpt":{"rendered":"<p>&nbsp; &nbsp; Bilfrakt Bothnia AB s\u00f6ker en transportledare till anl\u00e4ggning i Skellefte\u00e5! Att vara Transportledare hos oss p\u00e5 Bilfrakt \u00e4r en utmanande och stimulerande roll f\u00f6r dig som vill utvecklas i ditt arbete. Du \u00e4r en del av ett team som ansvarar f\u00f6r den dagliga driften av transport och maskinverksamhet och du kommer att jobba [&hellip;]<\/p>\n","protected":false},"author":5,"featured_media":24846837,"comment_status":"closed","ping_status":"closed","sticky":false,"template":"","format":"standard","meta":{"_et_pb_use_builder":"on","_et_pb_old_content":"","_et_gb_content_width":"","footnotes":""},"categories":[20],"tags":[],"dipi_cpt_category":[],"class_list":["post-24846868","post","type-post","status-publish","format-standard","has-post-thumbnail","hentry","category-aktuellt"],"yoast_head":"<!-- This site is optimized with the Yoast SEO plugin v28.4 - https:\/\/yoast.com\/product\/yoast-seo-wordpress\/ -->\n<title>Vi s\u00f6ker en Transportledare Anl\u00e4ggning till Bilfrakt Skellefte\u00e5 - Bilfrakt<\/title>\n<meta name=\"robots\" content=\"index, follow, max-snippet:-1, max-image-preview:large, max-video-preview:-1\" \/>\n<link rel=\"canonical\" href=\"https:\/\/bilfrakt.se\/en\/2024\/11\/19\/24846868\/\" \/>\n<meta property=\"og:locale\" content=\"en_GB\" \/>\n<meta property=\"og:type\" content=\"article\" \/>\n<meta property=\"og:title\" content=\"Vi s\u00f6ker en Transportledare Anl\u00e4ggning till Bilfrakt Skellefte\u00e5 - Bilfrakt\" \/>\n<meta property=\"og:description\" content=\"&nbsp; &nbsp; Bilfrakt Bothnia AB s\u00f6ker en transportledare till anl\u00e4ggning i Skellefte\u00e5! Att vara Transportledare hos oss p\u00e5 Bilfrakt \u00e4r en utmanande och stimulerande roll f\u00f6r dig som vill utvecklas i ditt arbete. Du \u00e4r en del av ett team som ansvarar f\u00f6r den dagliga driften av transport och maskinverksamhet och du kommer att jobba [&hellip;]\" \/>\n<meta property=\"og:url\" content=\"https:\/\/bilfrakt.se\/en\/2024\/11\/19\/24846868\/\" \/>\n<meta property=\"og:site_name\" content=\"Bilfrakt\" \/>\n<meta property=\"article:published_time\" content=\"2024-11-19T13:04:13+00:00\" \/>\n<meta property=\"article:modified_time\" content=\"2024-11-19T13:30:24+00:00\" \/>\n<meta property=\"og:image\" content=\"https:\/\/bilfrakt.se\/wp-content\/uploads\/2024\/10\/DSC_0141-scaled.jpg\" \/>\n\t<meta property=\"og:image:width\" content=\"2560\" \/>\n\t<meta property=\"og:image:height\" content=\"1707\" \/>\n<meta name=\"author\" content=\"BilfraktDB\" \/>\n<meta name=\"twitter:card\" content=\"summary_large_image\" \/>\n<meta name=\"twitter:label1\" content=\"Written by\" \/>\n\t<meta name=\"twitter:data1\" content=\"BilfraktDB\" \/>\n\t<meta name=\"twitter:label2\" content=\"Estimated reading time\" \/>\n\t<meta name=\"twitter:data2\" content=\"3 minutes\" \/>\n<script type=\"application\/ld+json\" class=\"yoast-schema-graph\">{\"@context\":\"https:\\\/\\\/schema.org\",\"@graph\":[{\"@type\":\"Article\",\"@id\":\"https:\\\/\\\/bilfrakt.se\\\/2024\\\/11\\\/19\\\/24846868\\\/#article\",\"isPartOf\":{\"@id\":\"https:\\\/\\\/bilfrakt.se\\\/2024\\\/11\\\/19\\\/24846868\\\/\"},\"author\":{\"name\":\"BilfraktDB\",\"@id\":\"https:\\\/\\\/bilfrakt.se\\\/#\\\/schema\\\/person\\\/a8274c447b2a9f77a85a78e213c198b0\"},\"headline\":\"Vi s\u00f6ker en Transportledare Anl\u00e4ggning till Bilfrakt Skellefte\u00e5\",\"datePublished\":\"2024-11-19T13:04:13+00:00\",\"dateModified\":\"2024-11-19T13:30:24+00:00\",\"mainEntityOfPage\":{\"@id\":\"https:\\\/\\\/bilfrakt.se\\\/2024\\\/11\\\/19\\\/24846868\\\/\"},\"wordCount\":569,\"image\":{\"@id\":\"https:\\\/\\\/bilfrakt.se\\\/2024\\\/11\\\/19\\\/24846868\\\/#primaryimage\"},\"thumbnailUrl\":\"https:\\\/\\\/bilfrakt.se\\\/wp-content\\\/uploads\\\/2024\\\/10\\\/DSC_0141-scaled.jpg\",\"articleSection\":[\"Aktuellt\"],\"inLanguage\":\"en-GB\"},{\"@type\":\"WebPage\",\"@id\":\"https:\\\/\\\/bilfrakt.se\\\/2024\\\/11\\\/19\\\/24846868\\\/\",\"url\":\"https:\\\/\\\/bilfrakt.se\\\/2024\\\/11\\\/19\\\/24846868\\\/\",\"name\":\"Vi s\u00f6ker en Transportledare Anl\u00e4ggning till Bilfrakt Skellefte\u00e5 - Bilfrakt\",\"isPartOf\":{\"@id\":\"https:\\\/\\\/bilfrakt.se\\\/#website\"},\"primaryImageOfPage\":{\"@id\":\"https:\\\/\\\/bilfrakt.se\\\/2024\\\/11\\\/19\\\/24846868\\\/#primaryimage\"},\"image\":{\"@id\":\"https:\\\/\\\/bilfrakt.se\\\/2024\\\/11\\\/19\\\/24846868\\\/#primaryimage\"},\"thumbnailUrl\":\"https:\\\/\\\/bilfrakt.se\\\/wp-content\\\/uploads\\\/2024\\\/10\\\/DSC_0141-scaled.jpg\",\"datePublished\":\"2024-11-19T13:04:13+00:00\",\"dateModified\":\"2024-11-19T13:30:24+00:00\",\"author\":{\"@id\":\"https:\\\/\\\/bilfrakt.se\\\/#\\\/schema\\\/person\\\/a8274c447b2a9f77a85a78e213c198b0\"},\"breadcrumb\":{\"@id\":\"https:\\\/\\\/bilfrakt.se\\\/2024\\\/11\\\/19\\\/24846868\\\/#breadcrumb\"},\"inLanguage\":\"en-GB\",\"potentialAction\":[{\"@type\":\"ReadAction\",\"target\":[\"https:\\\/\\\/bilfrakt.se\\\/2024\\\/11\\\/19\\\/24846868\\\/\"]}]},{\"@type\":\"ImageObject\",\"inLanguage\":\"en-GB\",\"@id\":\"https:\\\/\\\/bilfrakt.se\\\/2024\\\/11\\\/19\\\/24846868\\\/#primaryimage\",\"url\":\"https:\\\/\\\/bilfrakt.se\\\/wp-content\\\/uploads\\\/2024\\\/10\\\/DSC_0141-scaled.jpg\",\"contentUrl\":\"https:\\\/\\\/bilfrakt.se\\\/wp-content\\\/uploads\\\/2024\\\/10\\\/DSC_0141-scaled.jpg\",\"width\":2560,\"height\":1707,\"caption\":\"N\u00e4rbild p\u00e5 flera r\u00f6da lastbilar fr\u00e5n Bilfrakt, uppradade p\u00e5 en grusplan med skog i bakgrunden.\"},{\"@type\":\"BreadcrumbList\",\"@id\":\"https:\\\/\\\/bilfrakt.se\\\/2024\\\/11\\\/19\\\/24846868\\\/#breadcrumb\",\"itemListElement\":[{\"@type\":\"ListItem\",\"position\":1,\"name\":\"Hem\",\"item\":\"https:\\\/\\\/bilfrakt.se\\\/\"},{\"@type\":\"ListItem\",\"position\":2,\"name\":\"Vi s\u00f6ker en Transportledare Anl\u00e4ggning till Bilfrakt Skellefte\u00e5\"}]},{\"@type\":\"WebSite\",\"@id\":\"https:\\\/\\\/bilfrakt.se\\\/#website\",\"url\":\"https:\\\/\\\/bilfrakt.se\\\/\",\"name\":\"Bilfrakt\",\"description\":\"Tillsammans p&aring; v&auml;g fram&aring;t\",\"potentialAction\":[{\"@type\":\"SearchAction\",\"target\":{\"@type\":\"EntryPoint\",\"urlTemplate\":\"https:\\\/\\\/bilfrakt.se\\\/?s={search_term_string}\"},\"query-input\":{\"@type\":\"PropertyValueSpecification\",\"valueRequired\":true,\"valueName\":\"search_term_string\"}}],\"inLanguage\":\"en-GB\"},{\"@type\":\"Person\",\"@id\":\"https:\\\/\\\/bilfrakt.se\\\/#\\\/schema\\\/person\\\/a8274c447b2a9f77a85a78e213c198b0\",\"name\":\"BilfraktDB\",\"image\":{\"@type\":\"ImageObject\",\"inLanguage\":\"en-GB\",\"@id\":\"https:\\\/\\\/secure.gravatar.com\\\/avatar\\\/1fd8c7f2f6fccdcd49fc05c517ad146392d19245a3306a78621ce93925a80164?s=96&d=mm&r=g\",\"url\":\"https:\\\/\\\/secure.gravatar.com\\\/avatar\\\/1fd8c7f2f6fccdcd49fc05c517ad146392d19245a3306a78621ce93925a80164?s=96&d=mm&r=g\",\"contentUrl\":\"https:\\\/\\\/secure.gravatar.com\\\/avatar\\\/1fd8c7f2f6fccdcd49fc05c517ad146392d19245a3306a78621ce93925a80164?s=96&d=mm&r=g\",\"caption\":\"BilfraktDB\"},\"url\":\"https:\\\/\\\/bilfrakt.se\\\/en\\\/author\\\/bilfraktdb\\\/\"}]}<\/script>\n<!-- \/ Yoast SEO plugin. -->","yoast_head_json":{"title":"Vi s\u00f6ker en Transportledare Anl\u00e4ggning till Bilfrakt Skellefte\u00e5 - Bilfrakt","robots":{"index":"index","follow":"follow","max-snippet":"max-snippet:-1","max-image-preview":"max-image-preview:large","max-video-preview":"max-video-preview:-1"},"canonical":"https:\/\/bilfrakt.se\/en\/2024\/11\/19\/24846868\/","og_locale":"en_GB","og_type":"article","og_title":"Vi s\u00f6ker en Transportledare Anl\u00e4ggning till Bilfrakt Skellefte\u00e5 - Bilfrakt","og_description":"&nbsp; &nbsp; Bilfrakt Bothnia AB s\u00f6ker en transportledare till anl\u00e4ggning i Skellefte\u00e5! Att vara Transportledare hos oss p\u00e5 Bilfrakt \u00e4r en utmanande och stimulerande roll f\u00f6r dig som vill utvecklas i ditt arbete. Du \u00e4r en del av ett team som ansvarar f\u00f6r den dagliga driften av transport och maskinverksamhet och du kommer att jobba [&hellip;]","og_url":"https:\/\/bilfrakt.se\/en\/2024\/11\/19\/24846868\/","og_site_name":"Bilfrakt","article_published_time":"2024-11-19T13:04:13+00:00","article_modified_time":"2024-11-19T13:30:24+00:00","og_image":[{"url":"https:\/\/bilfrakt.se\/wp-content\/uploads\/2024\/10\/DSC_0141-scaled.jpg","width":2560,"height":1707,"type":""}],"author":"BilfraktDB","twitter_card":"summary_large_image","twitter_misc":{"Written by":"BilfraktDB","Estimated reading time":"3 minutes"},"schema":{"@context":"https:\/\/schema.org","@graph":[{"@type":"Article","@id":"https:\/\/bilfrakt.se\/2024\/11\/19\/24846868\/#article","isPartOf":{"@id":"https:\/\/bilfrakt.se\/2024\/11\/19\/24846868\/"},"author":{"name":"BilfraktDB","@id":"https:\/\/bilfrakt.se\/#\/schema\/person\/a8274c447b2a9f77a85a78e213c198b0"},"headline":"Vi s\u00f6ker en Transportledare Anl\u00e4ggning till Bilfrakt Skellefte\u00e5","datePublished":"2024-11-19T13:04:13+00:00","dateModified":"2024-11-19T13:30:24+00:00","mainEntityOfPage":{"@id":"https:\/\/bilfrakt.se\/2024\/11\/19\/24846868\/"},"wordCount":569,"image":{"@id":"https:\/\/bilfrakt.se\/2024\/11\/19\/24846868\/#primaryimage"},"thumbnailUrl":"https:\/\/bilfrakt.se\/wp-content\/uploads\/2024\/10\/DSC_0141-scaled.jpg","articleSection":["Aktuellt"],"inLanguage":"en-GB"},{"@type":"WebPage","@id":"https:\/\/bilfrakt.se\/2024\/11\/19\/24846868\/","url":"https:\/\/bilfrakt.se\/2024\/11\/19\/24846868\/","name":"Vi s\u00f6ker en Transportledare Anl\u00e4ggning till Bilfrakt Skellefte\u00e5 - Bilfrakt","isPartOf":{"@id":"https:\/\/bilfrakt.se\/#website"},"primaryImageOfPage":{"@id":"https:\/\/bilfrakt.se\/2024\/11\/19\/24846868\/#primaryimage"},"image":{"@id":"https:\/\/bilfrakt.se\/2024\/11\/19\/24846868\/#primaryimage"},"thumbnailUrl":"https:\/\/bilfrakt.se\/wp-content\/uploads\/2024\/10\/DSC_0141-scaled.jpg","datePublished":"2024-11-19T13:04:13+00:00","dateModified":"2024-11-19T13:30:24+00:00","author":{"@id":"https:\/\/bilfrakt.se\/#\/schema\/person\/a8274c447b2a9f77a85a78e213c198b0"},"breadcrumb":{"@id":"https:\/\/bilfrakt.se\/2024\/11\/19\/24846868\/#breadcrumb"},"inLanguage":"en-GB","potentialAction":[{"@type":"ReadAction","target":["https:\/\/bilfrakt.se\/2024\/11\/19\/24846868\/"]}]},{"@type":"ImageObject","inLanguage":"en-GB","@id":"https:\/\/bilfrakt.se\/2024\/11\/19\/24846868\/#primaryimage","url":"https:\/\/bilfrakt.se\/wp-content\/uploads\/2024\/10\/DSC_0141-scaled.jpg","contentUrl":"https:\/\/bilfrakt.se\/wp-content\/uploads\/2024\/10\/DSC_0141-scaled.jpg","width":2560,"height":1707,"caption":"N\u00e4rbild p\u00e5 flera r\u00f6da lastbilar fr\u00e5n Bilfrakt, uppradade p\u00e5 en grusplan med skog i bakgrunden."},{"@type":"BreadcrumbList","@id":"https:\/\/bilfrakt.se\/2024\/11\/19\/24846868\/#breadcrumb","itemListElement":[{"@type":"ListItem","position":1,"name":"Hem","item":"https:\/\/bilfrakt.se\/"},{"@type":"ListItem","position":2,"name":"Vi s\u00f6ker en Transportledare Anl\u00e4ggning till Bilfrakt Skellefte\u00e5"}]},{"@type":"WebSite","@id":"https:\/\/bilfrakt.se\/#website","url":"https:\/\/bilfrakt.se\/","name":"Bilfrakt","description":"Tillsammans p&aring; v&auml;g fram&aring;t","potentialAction":[{"@type":"SearchAction","target":{"@type":"EntryPoint","urlTemplate":"https:\/\/bilfrakt.se\/?s={search_term_string}"},"query-input":{"@type":"PropertyValueSpecification","valueRequired":true,"valueName":"search_term_string"}}],"inLanguage":"en-GB"},{"@type":"Person","@id":"https:\/\/bilfrakt.se\/#\/schema\/person\/a8274c447b2a9f77a85a78e213c198b0","name":"BilfraktDB","image":{"@type":"ImageObject","inLanguage":"en-GB","@id":"https:\/\/secure.gravatar.com\/avatar\/1fd8c7f2f6fccdcd49fc05c517ad146392d19245a3306a78621ce93925a80164?s=96&d=mm&r=g","url":"https:\/\/secure.gravatar.com\/avatar\/1fd8c7f2f6fccdcd49fc05c517ad146392d19245a3306a78621ce93925a80164?s=96&d=mm&r=g","contentUrl":"https:\/\/secure.gravatar.com\/avatar\/1fd8c7f2f6fccdcd49fc05c517ad146392d19245a3306a78621ce93925a80164?s=96&d=mm&r=g","caption":"BilfraktDB"},"url":"https:\/\/bilfrakt.se\/en\/author\/bilfraktdb\/"}]}},"_links":{"self":[{"href":"https:\/\/bilfrakt.se\/en\/wp-json\/wp\/v2\/posts\/24846868","targetHints":{"allow":["GET"]}}],"collection":[{"href":"https:\/\/bilfrakt.se\/en\/wp-json\/wp\/v2\/posts"}],"about":[{"href":"https:\/\/bilfrakt.se\/en\/wp-json\/wp\/v2\/types\/post"}],"author":[{"embeddable":true,"href":"https:\/\/bilfrakt.se\/en\/wp-json\/wp\/v2\/users\/5"}],"replies":[{"embeddable":true,"href":"https:\/\/bilfrakt.se\/en\/wp-json\/wp\/v2\/comments?post=24846868"}],"version-history":[{"count":8,"href":"https:\/\/bilfrakt.se\/en\/wp-json\/wp\/v2\/posts\/24846868\/revisions"}],"predecessor-version":[{"id":24846879,"href":"https:\/\/bilfrakt.se\/en\/wp-json\/wp\/v2\/posts\/24846868\/revisions\/24846879"}],"wp:featuredmedia":[{"embeddable":true,"href":"https:\/\/bilfrakt.se\/en\/wp-json\/wp\/v2\/media\/24846837"}],"wp:attachment":[{"href":"https:\/\/bilfrakt.se\/en\/wp-json\/wp\/v2\/media?parent=24846868"}],"wp:term":[{"taxonomy":"category","embeddable":true,"href":"https:\/\/bilfrakt.se\/en\/wp-json\/wp\/v2\/categories?post=24846868"},{"taxonomy":"post_tag","embeddable":true,"href":"https:\/\/bilfrakt.se\/en\/wp-json\/wp\/v2\/tags?post=24846868"},{"taxonomy":"dipi_cpt_category","embeddable":true,"href":"https:\/\/bilfrakt.se\/en\/wp-json\/wp\/v2\/dipi_cpt_category?post=24846868"}],"curies":[{"name":"wp","href":"https:\/\/api.w.org\/{rel}","templated":true}]}}