{"id":24846891,"date":"2024-12-12T14:58:07","date_gmt":"2024-12-12T14:58:07","guid":{"rendered":"https:\/\/bilfrakt.se\/?p=24846891"},"modified":"2024-12-12T14:58:08","modified_gmt":"2024-12-12T14:58:08","slug":"vi-soker-en-transportledare-anlaggning-till-bilfrakt-umea","status":"publish","type":"post","link":"https:\/\/bilfrakt.se\/en\/2024\/12\/12\/vi-soker-en-transportledare-anlaggning-till-bilfrakt-umea\/","title":{"rendered":"Vi s\u00f6ker en Transportledare Anl\u00e4ggning till Bilfrakt Ume\u00e5"},"content":{"rendered":"<p>[et_pb_section fb_built=&#8221;1&#8243; _builder_version=&#8221;4.27.4&#8243; _module_preset=&#8221;default&#8221; global_colors_info=&#8221;{}&#8221; theme_builder_area=&#8221;post_content&#8221;][et_pb_row _builder_version=&#8221;4.27.4&#8243; _module_preset=&#8221;default&#8221; global_colors_info=&#8221;{}&#8221; theme_builder_area=&#8221;post_content&#8221;][et_pb_column type=&#8221;4_4&#8243; _builder_version=&#8221;4.27.4&#8243; _module_preset=&#8221;default&#8221; global_colors_info=&#8221;{}&#8221; theme_builder_area=&#8221;post_content&#8221;][et_pb_image src=&#8221;https:\/\/bilfrakt.se\/wp-content\/uploads\/2024\/10\/DSC_0141-scaled.jpg&#8221; title_text=&#8221;DSC_0141&#8243; _builder_version=&#8221;4.27.4&#8243; _module_preset=&#8221;default&#8221; global_colors_info=&#8221;{}&#8221; theme_builder_area=&#8221;post_content&#8221;][\/et_pb_image][\/et_pb_column][\/et_pb_row][et_pb_row _builder_version=&#8221;4.27.4&#8243; _module_preset=&#8221;default&#8221; global_colors_info=&#8221;{}&#8221; theme_builder_area=&#8221;post_content&#8221;][et_pb_column type=&#8221;4_4&#8243; _builder_version=&#8221;4.27.4&#8243; _module_preset=&#8221;default&#8221; global_colors_info=&#8221;{}&#8221; theme_builder_area=&#8221;post_content&#8221;][et_pb_text _builder_version=&#8221;4.27.4&#8243; _module_preset=&#8221;default&#8221; global_colors_info=&#8221;{}&#8221; theme_builder_area=&#8221;post_content&#8221;]<\/p>\n<p>\u201dMed f\u00f6rnyelse, lagarbete, och stolthet blir vi branschledande och skapar framg\u00e5ng och konkurrenskraft f\u00f6r v\u00e5ra del\u00e4gare.\u201d<\/p>\n<p><strong>Bilfrakt Bothnia AB s\u00f6ker en Transportledare till anl\u00e4ggning i Ume\u00e5!<\/p>\n<p><\/strong><\/p>\n<p><strong><u>Om Bilfrakt <\/u><\/strong><\/p>\n<p>Bilfrakt b\u00f6rjade sin resa redan 1940, d\u00e5 Ume\u00e5 Bilfrakt ekonomiska f\u00f6rening bildades. 2004 slog man samman Skellefte\u00e5 Bilfrakt med Ume\u00e5 Bilfrakt ekonomiska f\u00f6rening, f\u00f6r att sedan 2007 \u00e4ven g\u00e5 ihop med Transportbolagen i inlandet. 2010 k\u00f6pte man \u00e4ven upp V-schakt. 2014 startade man dotterbolaget Bilfrakt Ballast AB som sk\u00f6ter om bilfrakts t\u00e4ktverksamheter. Bilfrakt Bothnia tillsammans med dotterbolagen oms\u00e4tter cirka 700 mkr.<\/p>\n<p>Idag \u00e4r vi en betydande akt\u00f6r i hela V\u00e4sterbotten.<\/p>\n<p>Bakom framg\u00e5ngen ligger i h\u00f6g grad v\u00e5ra kunniga och serviceinriktade del\u00e4gare och medarbetare. De har i sin tur tillg\u00e5ng till en omfattande och modern fordonspark utrustad med det senaste inom informationsteknologi. M\u00e5let \u00e4r att alltid kunna garantera kvalit\u00e9 i hela kedjan fr\u00e5n h\u00e4mtning till avl\u00e4mning p\u00e5 r\u00e4tt plats och i r\u00e4tt tid.<\/p>\n<p>F\u00f6r att kunna vara de vi vill vara har vi tagit fram en v\u00e4rdegrund som alla medarbetare p\u00e5 alla niv\u00e5er ska f\u00f6lja. Vi tror att tydliga riktlinjer skapar f\u00f6rtroende hos b\u00e5de medarbetare och kunder och hj\u00e4lper oss att vara b\u00e4st i branschen p\u00e5 b\u00e5de transport och bem\u00f6tande. Genom att hela tiden utg\u00e5 fr\u00e5n dem tar vi ansvar f\u00f6r att Bilfrakts verksamhet drivs p\u00e5 ett h\u00e5llbart, ansvarsfullt och \u00e4rligt s\u00e4tt.<\/p>\n<p><strong><u>Vad erbjuder vi?<\/u><\/strong><\/p>\n<p>I rollen som transportledare kommer du att ta ansvar f\u00f6r hela transportledningsprocessen fr\u00e5n offert till fakturering. Din uppgift \u00e4r att planera och f\u00f6rdela ut uppdrag till v\u00e5ra chauff\u00f6rer p\u00e5 byggnads- och anl\u00e4ggningsarbete samt s\u00e4kerst\u00e4lla r\u00e4tt priss\u00e4ttning.<\/p>\n<p>Du kommer att ha ansvar f\u00f6r att, tillsammans med dina kollegor, skapa nytta och v\u00e4rden f\u00f6r v\u00e5ra kunder och del\u00e4gare. Som transportledare p\u00e5 Bilfrakt kommer du \u00e4ven att vara med och utveckla v\u00e5r verksamhet inom avdelningen. Det \u00e4r ett fritt och ansvarsfullt arbete med m\u00f6jlighet att vara med och forma verksamheten. Du fattar sj\u00e4lvst\u00e4ndiga beslut som har stor p\u00e5verkan p\u00e5 ekonomi och kundn\u00f6jdhet. Det \u00e4r ett teamarbete tillsammans med kollegor, del\u00e4gare, chauff\u00f6rer och kunder.<\/p>\n<p>Vi v\u00e4rnar om goda f\u00f6ruts\u00e4ttningar f\u00f6r ett h\u00e5llbart arbetsliv f\u00f6r v\u00e5ra medarbetare med god arbetsmilj\u00f6 och m\u00f6jlighet till personlig utveckling. F\u00f6r att uppn\u00e5 detta erbjuder vi en arbetsplats med varierande arbetsuppgifter i en sp\u00e4nnande bransch. Vi satsar p\u00e5 personalens h\u00e4lsa med flera friskv\u00e5rdsf\u00f6rm\u00e5ner och olika aktiviteter.<\/p>\n<p><strong><u>Kvalifikationer<\/u><\/strong><\/p>\n<p>Du b\u00f6r ha erfarenhet fr\u00e5n transport- \/ och anl\u00e4ggningsbranschen och veta vilka krav och f\u00f6rv\u00e4ntningar som kunder och transport\u00f6rer st\u00e4ller p\u00e5 en duktig transportledare. Du har god datorvana och goda kunskaper i Officepaketet. Du \u00e4r van att jobba i m\u00e5nga olika IT-system och har l\u00e4tt f\u00f6r att l\u00e4ra dig nya system. Meriterande \u00e4r erfarenhet av transporter och god f\u00f6rst\u00e5else f\u00f6r hur anl\u00e4ggningsbranschen fungerar eller motsvarande erfarenhet.<\/p>\n<p>Vi l\u00e4gger stor vikt vid dina personliga egenskaper och din f\u00f6rm\u00e5ga att vara en god lagspelare.<br \/>Som person ser vi att du har stort driv, gillar att arbeta i grupp samt \u00e4r social och ut\u00e5triktad. Vi ser \u00e4ven att du \u00e4r flexibel, ansvarstagande och har kvalitetst\u00e4nk som en naturlig egenskap i ditt arbete. Det \u00e4r av vikt att du har l\u00e4tt f\u00f6r att f\u00f6lja instruktioner och rutiner. Om du drivs av att f\u00f6rb\u00e4ttra, utveckla och se m\u00f6jligheter s\u00e5 tror vi att du kommer trivas hos oss. Bilfrakt erbjuder en intressant anst\u00e4llning med sp\u00e4nnande utmaningar.<\/p>\n<p><strong><u>Bra att veta<\/u><\/strong><\/p>\n<p>Anst\u00e4llningen \u00e4r en tillsvidareanst\u00e4llning p\u00e5 heltid med 6 m\u00e5naders provanst\u00e4llning. Start enligt \u00f6verenskommelse. Urval sker l\u00f6pande och tj\u00e4nsten kan tills\u00e4ttas innan sista ans\u00f6kningsdag.<\/p>\n<p>Vi vill ha din ans\u00f6kan senast onsdag 9 januari.<\/p>\n<p>Ans\u00f6kan skickas till <a href=\"mailto:rekrytering@bilfrakt.se\">rekrytering@bilfrakt.se<\/a>, Skriv Transportledare Ume\u00e5 i \u00e4mnesraden.<\/p>\n<p>Fr\u00e5gor om tj\u00e4nsten kan st\u00e4llas till Linda Danielsson, Produktionsomr\u00e5deschef Syd, <br \/>090 206 56 14 alt. <a href=\"mailto:linda.danielsson@bilfrakt.se\">linda.danielsson@bilfrakt.se<\/a><\/p>\n<p>[\/et_pb_text][\/et_pb_column][\/et_pb_row][\/et_pb_section]<\/p>\n","protected":false},"excerpt":{"rendered":"<p>\u201dMed f\u00f6rnyelse, lagarbete, och stolthet blir vi branschledande och skapar framg\u00e5ng och konkurrenskraft f\u00f6r v\u00e5ra del\u00e4gare.\u201d Bilfrakt Bothnia AB s\u00f6ker en Transportledare till anl\u00e4ggning i Ume\u00e5! Om Bilfrakt Bilfrakt b\u00f6rjade sin resa redan 1940, d\u00e5 Ume\u00e5 Bilfrakt ekonomiska f\u00f6rening bildades. 2004 slog man samman Skellefte\u00e5 Bilfrakt med Ume\u00e5 Bilfrakt ekonomiska f\u00f6rening, f\u00f6r att sedan 2007 [&hellip;]<\/p>\n","protected":false},"author":4,"featured_media":24846837,"comment_status":"closed","ping_status":"closed","sticky":false,"template":"","format":"standard","meta":{"_et_pb_use_builder":"on","_et_pb_old_content":"","_et_gb_content_width":"","footnotes":""},"categories":[20],"tags":[],"dipi_cpt_category":[],"class_list":["post-24846891","post","type-post","status-publish","format-standard","has-post-thumbnail","hentry","category-aktuellt"],"yoast_head":"<!-- This site is optimized with the Yoast SEO plugin v28.4 - https:\/\/yoast.com\/product\/yoast-seo-wordpress\/ -->\n<title>Vi s\u00f6ker en Transportledare Anl\u00e4ggning till Bilfrakt Ume\u00e5 - Bilfrakt<\/title>\n<meta name=\"robots\" content=\"index, follow, max-snippet:-1, max-image-preview:large, max-video-preview:-1\" \/>\n<link rel=\"canonical\" href=\"https:\/\/bilfrakt.se\/en\/2024\/12\/12\/vi-soker-en-transportledare-anlaggning-till-bilfrakt-umea\/\" \/>\n<meta property=\"og:locale\" content=\"en_GB\" \/>\n<meta property=\"og:type\" content=\"article\" \/>\n<meta property=\"og:title\" content=\"Vi s\u00f6ker en Transportledare Anl\u00e4ggning till Bilfrakt Ume\u00e5 - Bilfrakt\" \/>\n<meta property=\"og:description\" content=\"\u201dMed f\u00f6rnyelse, lagarbete, och stolthet blir vi branschledande och skapar framg\u00e5ng och konkurrenskraft f\u00f6r v\u00e5ra del\u00e4gare.\u201d Bilfrakt Bothnia AB s\u00f6ker en Transportledare till anl\u00e4ggning i Ume\u00e5! Om Bilfrakt Bilfrakt b\u00f6rjade sin resa redan 1940, d\u00e5 Ume\u00e5 Bilfrakt ekonomiska f\u00f6rening bildades. 2004 slog man samman Skellefte\u00e5 Bilfrakt med Ume\u00e5 Bilfrakt ekonomiska f\u00f6rening, f\u00f6r att sedan 2007 [&hellip;]\" \/>\n<meta property=\"og:url\" content=\"https:\/\/bilfrakt.se\/en\/2024\/12\/12\/vi-soker-en-transportledare-anlaggning-till-bilfrakt-umea\/\" \/>\n<meta property=\"og:site_name\" content=\"Bilfrakt\" \/>\n<meta property=\"article:published_time\" content=\"2024-12-12T14:58:07+00:00\" \/>\n<meta property=\"article:modified_time\" content=\"2024-12-12T14:58:08+00:00\" \/>\n<meta property=\"og:image\" content=\"https:\/\/bilfrakt.se\/wp-content\/uploads\/2024\/10\/DSC_0141-scaled.jpg\" \/>\n\t<meta property=\"og:image:width\" content=\"2560\" \/>\n\t<meta property=\"og:image:height\" content=\"1707\" \/>\n<meta name=\"author\" content=\"Bilfrakt\" \/>\n<meta name=\"twitter:card\" content=\"summary_large_image\" \/>\n<meta name=\"twitter:label1\" content=\"Written by\" \/>\n\t<meta name=\"twitter:data1\" content=\"Bilfrakt\" \/>\n\t<meta name=\"twitter:label2\" content=\"Estimated reading time\" \/>\n\t<meta name=\"twitter:data2\" content=\"1 minute\" \/>\n<script type=\"application\/ld+json\" class=\"yoast-schema-graph\">{\"@context\":\"https:\\\/\\\/schema.org\",\"@graph\":[{\"@type\":\"Article\",\"@id\":\"https:\\\/\\\/bilfrakt.se\\\/2024\\\/12\\\/12\\\/vi-soker-en-transportledare-anlaggning-till-bilfrakt-umea\\\/#article\",\"isPartOf\":{\"@id\":\"https:\\\/\\\/bilfrakt.se\\\/2024\\\/12\\\/12\\\/vi-soker-en-transportledare-anlaggning-till-bilfrakt-umea\\\/\"},\"author\":{\"name\":\"Bilfrakt\",\"@id\":\"https:\\\/\\\/bilfrakt.se\\\/#\\\/schema\\\/person\\\/bc90b2d0d0233138bda26a57f804f820\"},\"headline\":\"Vi s\u00f6ker en Transportledare Anl\u00e4ggning till Bilfrakt Ume\u00e5\",\"datePublished\":\"2024-12-12T14:58:07+00:00\",\"dateModified\":\"2024-12-12T14:58:08+00:00\",\"mainEntityOfPage\":{\"@id\":\"https:\\\/\\\/bilfrakt.se\\\/2024\\\/12\\\/12\\\/vi-soker-en-transportledare-anlaggning-till-bilfrakt-umea\\\/\"},\"wordCount\":871,\"image\":{\"@id\":\"https:\\\/\\\/bilfrakt.se\\\/2024\\\/12\\\/12\\\/vi-soker-en-transportledare-anlaggning-till-bilfrakt-umea\\\/#primaryimage\"},\"thumbnailUrl\":\"https:\\\/\\\/bilfrakt.se\\\/wp-content\\\/uploads\\\/2024\\\/10\\\/DSC_0141-scaled.jpg\",\"articleSection\":[\"Aktuellt\"],\"inLanguage\":\"en-GB\"},{\"@type\":\"WebPage\",\"@id\":\"https:\\\/\\\/bilfrakt.se\\\/2024\\\/12\\\/12\\\/vi-soker-en-transportledare-anlaggning-till-bilfrakt-umea\\\/\",\"url\":\"https:\\\/\\\/bilfrakt.se\\\/2024\\\/12\\\/12\\\/vi-soker-en-transportledare-anlaggning-till-bilfrakt-umea\\\/\",\"name\":\"Vi s\u00f6ker en Transportledare Anl\u00e4ggning till Bilfrakt Ume\u00e5 - Bilfrakt\",\"isPartOf\":{\"@id\":\"https:\\\/\\\/bilfrakt.se\\\/#website\"},\"primaryImageOfPage\":{\"@id\":\"https:\\\/\\\/bilfrakt.se\\\/2024\\\/12\\\/12\\\/vi-soker-en-transportledare-anlaggning-till-bilfrakt-umea\\\/#primaryimage\"},\"image\":{\"@id\":\"https:\\\/\\\/bilfrakt.se\\\/2024\\\/12\\\/12\\\/vi-soker-en-transportledare-anlaggning-till-bilfrakt-umea\\\/#primaryimage\"},\"thumbnailUrl\":\"https:\\\/\\\/bilfrakt.se\\\/wp-content\\\/uploads\\\/2024\\\/10\\\/DSC_0141-scaled.jpg\",\"datePublished\":\"2024-12-12T14:58:07+00:00\",\"dateModified\":\"2024-12-12T14:58:08+00:00\",\"author\":{\"@id\":\"https:\\\/\\\/bilfrakt.se\\\/#\\\/schema\\\/person\\\/bc90b2d0d0233138bda26a57f804f820\"},\"breadcrumb\":{\"@id\":\"https:\\\/\\\/bilfrakt.se\\\/2024\\\/12\\\/12\\\/vi-soker-en-transportledare-anlaggning-till-bilfrakt-umea\\\/#breadcrumb\"},\"inLanguage\":\"en-GB\",\"potentialAction\":[{\"@type\":\"ReadAction\",\"target\":[\"https:\\\/\\\/bilfrakt.se\\\/2024\\\/12\\\/12\\\/vi-soker-en-transportledare-anlaggning-till-bilfrakt-umea\\\/\"]}]},{\"@type\":\"ImageObject\",\"inLanguage\":\"en-GB\",\"@id\":\"https:\\\/\\\/bilfrakt.se\\\/2024\\\/12\\\/12\\\/vi-soker-en-transportledare-anlaggning-till-bilfrakt-umea\\\/#primaryimage\",\"url\":\"https:\\\/\\\/bilfrakt.se\\\/wp-content\\\/uploads\\\/2024\\\/10\\\/DSC_0141-scaled.jpg\",\"contentUrl\":\"https:\\\/\\\/bilfrakt.se\\\/wp-content\\\/uploads\\\/2024\\\/10\\\/DSC_0141-scaled.jpg\",\"width\":2560,\"height\":1707,\"caption\":\"N\u00e4rbild p\u00e5 flera r\u00f6da lastbilar fr\u00e5n Bilfrakt, uppradade p\u00e5 en grusplan med skog i bakgrunden.\"},{\"@type\":\"BreadcrumbList\",\"@id\":\"https:\\\/\\\/bilfrakt.se\\\/2024\\\/12\\\/12\\\/vi-soker-en-transportledare-anlaggning-till-bilfrakt-umea\\\/#breadcrumb\",\"itemListElement\":[{\"@type\":\"ListItem\",\"position\":1,\"name\":\"Hem\",\"item\":\"https:\\\/\\\/bilfrakt.se\\\/\"},{\"@type\":\"ListItem\",\"position\":2,\"name\":\"Vi s\u00f6ker en Transportledare Anl\u00e4ggning till Bilfrakt Ume\u00e5\"}]},{\"@type\":\"WebSite\",\"@id\":\"https:\\\/\\\/bilfrakt.se\\\/#website\",\"url\":\"https:\\\/\\\/bilfrakt.se\\\/\",\"name\":\"Bilfrakt\",\"description\":\"Tillsammans p&aring; v&auml;g fram&aring;t\",\"potentialAction\":[{\"@type\":\"SearchAction\",\"target\":{\"@type\":\"EntryPoint\",\"urlTemplate\":\"https:\\\/\\\/bilfrakt.se\\\/?s={search_term_string}\"},\"query-input\":{\"@type\":\"PropertyValueSpecification\",\"valueRequired\":true,\"valueName\":\"search_term_string\"}}],\"inLanguage\":\"en-GB\"},{\"@type\":\"Person\",\"@id\":\"https:\\\/\\\/bilfrakt.se\\\/#\\\/schema\\\/person\\\/bc90b2d0d0233138bda26a57f804f820\",\"name\":\"Bilfrakt\",\"image\":{\"@type\":\"ImageObject\",\"inLanguage\":\"en-GB\",\"@id\":\"https:\\\/\\\/secure.gravatar.com\\\/avatar\\\/5599a348ac0bea34905ab56d6ec1f51150557a1a546006f865406ce496c16869?s=96&d=mm&r=g\",\"url\":\"https:\\\/\\\/secure.gravatar.com\\\/avatar\\\/5599a348ac0bea34905ab56d6ec1f51150557a1a546006f865406ce496c16869?s=96&d=mm&r=g\",\"contentUrl\":\"https:\\\/\\\/secure.gravatar.com\\\/avatar\\\/5599a348ac0bea34905ab56d6ec1f51150557a1a546006f865406ce496c16869?s=96&d=mm&r=g\",\"caption\":\"Bilfrakt\"},\"url\":\"https:\\\/\\\/bilfrakt.se\\\/en\\\/author\\\/bilfrakt\\\/\"}]}<\/script>\n<!-- \/ Yoast SEO plugin. -->","yoast_head_json":{"title":"Vi s\u00f6ker en Transportledare Anl\u00e4ggning till Bilfrakt Ume\u00e5 - Bilfrakt","robots":{"index":"index","follow":"follow","max-snippet":"max-snippet:-1","max-image-preview":"max-image-preview:large","max-video-preview":"max-video-preview:-1"},"canonical":"https:\/\/bilfrakt.se\/en\/2024\/12\/12\/vi-soker-en-transportledare-anlaggning-till-bilfrakt-umea\/","og_locale":"en_GB","og_type":"article","og_title":"Vi s\u00f6ker en Transportledare Anl\u00e4ggning till Bilfrakt Ume\u00e5 - Bilfrakt","og_description":"\u201dMed f\u00f6rnyelse, lagarbete, och stolthet blir vi branschledande och skapar framg\u00e5ng och konkurrenskraft f\u00f6r v\u00e5ra del\u00e4gare.\u201d Bilfrakt Bothnia AB s\u00f6ker en Transportledare till anl\u00e4ggning i Ume\u00e5! Om Bilfrakt Bilfrakt b\u00f6rjade sin resa redan 1940, d\u00e5 Ume\u00e5 Bilfrakt ekonomiska f\u00f6rening bildades. 2004 slog man samman Skellefte\u00e5 Bilfrakt med Ume\u00e5 Bilfrakt ekonomiska f\u00f6rening, f\u00f6r att sedan 2007 [&hellip;]","og_url":"https:\/\/bilfrakt.se\/en\/2024\/12\/12\/vi-soker-en-transportledare-anlaggning-till-bilfrakt-umea\/","og_site_name":"Bilfrakt","article_published_time":"2024-12-12T14:58:07+00:00","article_modified_time":"2024-12-12T14:58:08+00:00","og_image":[{"url":"https:\/\/bilfrakt.se\/wp-content\/uploads\/2024\/10\/DSC_0141-scaled.jpg","width":2560,"height":1707,"type":""}],"author":"Bilfrakt","twitter_card":"summary_large_image","twitter_misc":{"Written by":"Bilfrakt","Estimated reading time":"1 minute"},"schema":{"@context":"https:\/\/schema.org","@graph":[{"@type":"Article","@id":"https:\/\/bilfrakt.se\/2024\/12\/12\/vi-soker-en-transportledare-anlaggning-till-bilfrakt-umea\/#article","isPartOf":{"@id":"https:\/\/bilfrakt.se\/2024\/12\/12\/vi-soker-en-transportledare-anlaggning-till-bilfrakt-umea\/"},"author":{"name":"Bilfrakt","@id":"https:\/\/bilfrakt.se\/#\/schema\/person\/bc90b2d0d0233138bda26a57f804f820"},"headline":"Vi s\u00f6ker en Transportledare Anl\u00e4ggning till Bilfrakt Ume\u00e5","datePublished":"2024-12-12T14:58:07+00:00","dateModified":"2024-12-12T14:58:08+00:00","mainEntityOfPage":{"@id":"https:\/\/bilfrakt.se\/2024\/12\/12\/vi-soker-en-transportledare-anlaggning-till-bilfrakt-umea\/"},"wordCount":871,"image":{"@id":"https:\/\/bilfrakt.se\/2024\/12\/12\/vi-soker-en-transportledare-anlaggning-till-bilfrakt-umea\/#primaryimage"},"thumbnailUrl":"https:\/\/bilfrakt.se\/wp-content\/uploads\/2024\/10\/DSC_0141-scaled.jpg","articleSection":["Aktuellt"],"inLanguage":"en-GB"},{"@type":"WebPage","@id":"https:\/\/bilfrakt.se\/2024\/12\/12\/vi-soker-en-transportledare-anlaggning-till-bilfrakt-umea\/","url":"https:\/\/bilfrakt.se\/2024\/12\/12\/vi-soker-en-transportledare-anlaggning-till-bilfrakt-umea\/","name":"Vi s\u00f6ker en Transportledare Anl\u00e4ggning till Bilfrakt Ume\u00e5 - Bilfrakt","isPartOf":{"@id":"https:\/\/bilfrakt.se\/#website"},"primaryImageOfPage":{"@id":"https:\/\/bilfrakt.se\/2024\/12\/12\/vi-soker-en-transportledare-anlaggning-till-bilfrakt-umea\/#primaryimage"},"image":{"@id":"https:\/\/bilfrakt.se\/2024\/12\/12\/vi-soker-en-transportledare-anlaggning-till-bilfrakt-umea\/#primaryimage"},"thumbnailUrl":"https:\/\/bilfrakt.se\/wp-content\/uploads\/2024\/10\/DSC_0141-scaled.jpg","datePublished":"2024-12-12T14:58:07+00:00","dateModified":"2024-12-12T14:58:08+00:00","author":{"@id":"https:\/\/bilfrakt.se\/#\/schema\/person\/bc90b2d0d0233138bda26a57f804f820"},"breadcrumb":{"@id":"https:\/\/bilfrakt.se\/2024\/12\/12\/vi-soker-en-transportledare-anlaggning-till-bilfrakt-umea\/#breadcrumb"},"inLanguage":"en-GB","potentialAction":[{"@type":"ReadAction","target":["https:\/\/bilfrakt.se\/2024\/12\/12\/vi-soker-en-transportledare-anlaggning-till-bilfrakt-umea\/"]}]},{"@type":"ImageObject","inLanguage":"en-GB","@id":"https:\/\/bilfrakt.se\/2024\/12\/12\/vi-soker-en-transportledare-anlaggning-till-bilfrakt-umea\/#primaryimage","url":"https:\/\/bilfrakt.se\/wp-content\/uploads\/2024\/10\/DSC_0141-scaled.jpg","contentUrl":"https:\/\/bilfrakt.se\/wp-content\/uploads\/2024\/10\/DSC_0141-scaled.jpg","width":2560,"height":1707,"caption":"N\u00e4rbild p\u00e5 flera r\u00f6da lastbilar fr\u00e5n Bilfrakt, uppradade p\u00e5 en grusplan med skog i bakgrunden."},{"@type":"BreadcrumbList","@id":"https:\/\/bilfrakt.se\/2024\/12\/12\/vi-soker-en-transportledare-anlaggning-till-bilfrakt-umea\/#breadcrumb","itemListElement":[{"@type":"ListItem","position":1,"name":"Hem","item":"https:\/\/bilfrakt.se\/"},{"@type":"ListItem","position":2,"name":"Vi s\u00f6ker en Transportledare Anl\u00e4ggning till Bilfrakt Ume\u00e5"}]},{"@type":"WebSite","@id":"https:\/\/bilfrakt.se\/#website","url":"https:\/\/bilfrakt.se\/","name":"Bilfrakt","description":"Tillsammans p&aring; v&auml;g fram&aring;t","potentialAction":[{"@type":"SearchAction","target":{"@type":"EntryPoint","urlTemplate":"https:\/\/bilfrakt.se\/?s={search_term_string}"},"query-input":{"@type":"PropertyValueSpecification","valueRequired":true,"valueName":"search_term_string"}}],"inLanguage":"en-GB"},{"@type":"Person","@id":"https:\/\/bilfrakt.se\/#\/schema\/person\/bc90b2d0d0233138bda26a57f804f820","name":"Bilfrakt","image":{"@type":"ImageObject","inLanguage":"en-GB","@id":"https:\/\/secure.gravatar.com\/avatar\/5599a348ac0bea34905ab56d6ec1f51150557a1a546006f865406ce496c16869?s=96&d=mm&r=g","url":"https:\/\/secure.gravatar.com\/avatar\/5599a348ac0bea34905ab56d6ec1f51150557a1a546006f865406ce496c16869?s=96&d=mm&r=g","contentUrl":"https:\/\/secure.gravatar.com\/avatar\/5599a348ac0bea34905ab56d6ec1f51150557a1a546006f865406ce496c16869?s=96&d=mm&r=g","caption":"Bilfrakt"},"url":"https:\/\/bilfrakt.se\/en\/author\/bilfrakt\/"}]}},"_links":{"self":[{"href":"https:\/\/bilfrakt.se\/en\/wp-json\/wp\/v2\/posts\/24846891","targetHints":{"allow":["GET"]}}],"collection":[{"href":"https:\/\/bilfrakt.se\/en\/wp-json\/wp\/v2\/posts"}],"about":[{"href":"https:\/\/bilfrakt.se\/en\/wp-json\/wp\/v2\/types\/post"}],"author":[{"embeddable":true,"href":"https:\/\/bilfrakt.se\/en\/wp-json\/wp\/v2\/users\/4"}],"replies":[{"embeddable":true,"href":"https:\/\/bilfrakt.se\/en\/wp-json\/wp\/v2\/comments?post=24846891"}],"version-history":[{"count":3,"href":"https:\/\/bilfrakt.se\/en\/wp-json\/wp\/v2\/posts\/24846891\/revisions"}],"predecessor-version":[{"id":24846894,"href":"https:\/\/bilfrakt.se\/en\/wp-json\/wp\/v2\/posts\/24846891\/revisions\/24846894"}],"wp:featuredmedia":[{"embeddable":true,"href":"https:\/\/bilfrakt.se\/en\/wp-json\/wp\/v2\/media\/24846837"}],"wp:attachment":[{"href":"https:\/\/bilfrakt.se\/en\/wp-json\/wp\/v2\/media?parent=24846891"}],"wp:term":[{"taxonomy":"category","embeddable":true,"href":"https:\/\/bilfrakt.se\/en\/wp-json\/wp\/v2\/categories?post=24846891"},{"taxonomy":"post_tag","embeddable":true,"href":"https:\/\/bilfrakt.se\/en\/wp-json\/wp\/v2\/tags?post=24846891"},{"taxonomy":"dipi_cpt_category","embeddable":true,"href":"https:\/\/bilfrakt.se\/en\/wp-json\/wp\/v2\/dipi_cpt_category?post=24846891"}],"curies":[{"name":"wp","href":"https:\/\/api.w.org\/{rel}","templated":true}]}}