{"id":24846912,"date":"2025-01-07T13:21:45","date_gmt":"2025-01-07T13:21:45","guid":{"rendered":"https:\/\/bilfrakt.se\/?p=24846912"},"modified":"2025-01-07T13:21:50","modified_gmt":"2025-01-07T13:21:50","slug":"bilfrakt-forvarvar-vindelfrakt-starker-positionen-i-norra-sverige","status":"publish","type":"post","link":"https:\/\/bilfrakt.se\/en\/2025\/01\/07\/bilfrakt-forvarvar-vindelfrakt-starker-positionen-i-norra-sverige\/","title":{"rendered":"Bilfrakt f\u00f6rv\u00e4rvar Vindelfrakt \u2013 St\u00e4rker positionen i norra Sverige"},"content":{"rendered":"\n[et_pb_section fb_built=&#8221;1&#8243; theme_builder_area=&#8221;post_content&#8221; _builder_version=&#8221;4.27.4&#8243; _module_preset=&#8221;default&#8221; custom_margin=&#8221;0px||||false|false&#8221; custom_padding=&#8221;0px||||false|false&#8221; hover_enabled=&#8221;0&#8243; sticky_enabled=&#8221;0&#8243;][et_pb_row _builder_version=&#8221;4.27.4&#8243; _module_preset=&#8221;default&#8221; theme_builder_area=&#8221;post_content&#8221; custom_margin=&#8221;0px||||false|false&#8221; custom_padding=&#8221;0px||||false|false&#8221; hover_enabled=&#8221;0&#8243; sticky_enabled=&#8221;0&#8243;][et_pb_column _builder_version=&#8221;4.27.4&#8243; _module_preset=&#8221;default&#8221; type=&#8221;4_4&#8243; theme_builder_area=&#8221;post_content&#8221;][et_pb_image src=&#8221;https:\/\/bilfrakt.se\/wp-content\/uploads\/2025\/01\/Bild-Bilfrakt_Vindelfrakt-scaled.jpg&#8221; _builder_version=&#8221;4.27.4&#8243; _module_preset=&#8221;default&#8221; theme_builder_area=&#8221;post_content&#8221; hover_enabled=&#8221;0&#8243; sticky_enabled=&#8221;0&#8243; title_text=&#8221;Bild Bilfrakt_Vindelfrakt&#8221;][\/et_pb_image][et_pb_text _builder_version=&#8221;4.27.4&#8243; _module_preset=&#8221;default&#8221; theme_builder_area=&#8221;post_content&#8221; hover_enabled=&#8221;0&#8243; sticky_enabled=&#8221;0&#8243;]<p><em><span class=\"s3\">Bild fr\u00e5n v\u00e4nster, Anders Karlsson, styrelseledamot Vindelfrakt, Nils-Petter Fahl<\/span><span class=\"s3\">gren, ordf\u00f6rande Vindelfrakt, Dage Munter, ordf\u00f6rande Bilfrakt &amp; Nicklas Hermansson, VD och koncernchef Bilfrakt.<\/span><\/em><\/p>[\/et_pb_text][et_pb_text _builder_version=&#8221;4.27.4&#8243; _module_preset=&#8221;default&#8221; theme_builder_area=&#8221;post_content&#8221; hover_enabled=&#8221;0&#8243; sticky_enabled=&#8221;0&#8243;]<p><span>Bilfrakt expanderar sin verksamhet genom f\u00f6rv\u00e4rvet av Vindelfrakt, vilket inneb\u00e4r att f\u00f6retaget nu kan erbjuda \u00e4nnu mer effektiva och m\u00e5ngsidiga transportl\u00f6sningar. Med detta strategiska f\u00f6rv\u00e4rv st\u00e4rker Bilfrakt sin n\u00e4rvaro i regionen och ut\u00f6kar sitt tj\u00e4nsteutbud, inklusive timmertransporter \u2013 en sektor med en stadigt \u00f6kande efterfr\u00e5gan. <\/span><\/p>\n<p><span>Vindelfrakts erfarenhet och kompetens inom <\/span><span>transportsektorn<\/span><span>, kombinerat med Bilfrakts befintliga infrastruktur, skapar f\u00f6ruts\u00e4ttningar f\u00f6r snabbare och mer kostnadseffektiva transporter. F\u00f6rv\u00e4rvet understryker Bilfrakts ambition att vara en ledande akt\u00f6r inom h\u00e5llbara och flexibla transport<\/span><span>-, maskin och logistik<\/span><span>tj\u00e4nster, samtidigt som f\u00f6retaget m\u00f6ter kundernas \u00f6kande behov p\u00e5 en v\u00e4xande marknad.<\/span><\/p>\n<div class=\"s6\" style=\"padding-left: 40px;\"><span class=\"s5\">&#8211; <\/span><span>Genom f\u00f6rv\u00e4rvet av Vindelfrakt st\u00e4rker vi v\u00e5r n\u00e4rvaro i V\u00e4sterbotten och kan erbjuda v\u00e5ra kunder en \u00e4nnu bredare tj\u00e4nsteportf\u00f6lj<\/span><span>. <\/span><span>Tillsammans <\/span><span>\u00e4r<\/span><span> vi starkare och kan svara upp mot marknadens behov p\u00e5 ett mer effektivt s\u00e4tt<\/span><span>, f\u00f6rklarar Bilfrakts VD Nicklas Hermansson<\/span><span>.<\/span><\/div>\n<p><span>Bilfrakts sammanslagning med Vindelfrakt f\u00f6rv\u00e4ntas st\u00e4rka f\u00f6retagets kapacitet att leverera \u00e4nnu effektivare och h\u00f6gkvalitativa transporttj\u00e4nster. Genom att dra nytta av b\u00e5da f\u00f6retagens resurser och specialistkompetens, tar Bilfrakt ett viktigt steg mot att bef\u00e4sta sin position som en ledande akt\u00f6r inom <\/span><span>logistik och transport<\/span><span> i V\u00e4sterbotten.<\/span><\/p>\n<div class=\"s6\" style=\"padding-left: 40px;\"><span class=\"s5\">&#8211; <\/span><span>Vi p\u00e5 Vindelfrakt ser fram emot att bli en del av Bilfrakt. Genom att kombinera v\u00e5r erfarenhet och kompetens med Bilfrakts omfattande resurser och n\u00e4tverk kan vi nu f\u00f6rb\u00e4ttra v\u00e5ra tj\u00e4nster och n\u00e5 ut till \u00e4nnu fler kunder \u00f6ver hela regionen<\/span><span>, ber\u00e4ttare Nils-Petter Fahlgren<\/span><span>. <\/span><\/div>\n<p class=\"s7\"><span>Tillsammans kan vi m\u00f6ta kundernas v\u00e4xande behov p\u00e5 ett mer effektivt och konkurrenskraftigt s\u00e4tt, samtidigt som vi st\u00e4rker v\u00e5r position p\u00e5 marknaden.<\/span><\/p>\n<p>Fr\u00e5n Bilfrakt till\u00e4ggs:<\/p>\n<div class=\"s6\" style=\"padding-left: 40px;\"><span class=\"s5\">&#8211; <\/span><span>Vi har stor tro p\u00e5 Vindeln \u2013 en plats pr\u00e4glad av entrepren\u00f6rskap och fram\u00e5tanda. Som uppvuxen i Vindeln k\u00e4nns det s\u00e4rskilt gl\u00e4djande att Bilfrakt nu har tagit detta steg<\/span><span>, avslutar Nicklas Hermansso<\/span><span>n<\/span><span>.<\/span><\/div>\n<p><strong><\/strong><\/p>\n<p><strong><\/strong><\/p>\n<p><strong>\u00a0<span class=\"s2\"><\/span><span class=\"s2\">Om Bilfrakt<\/span><\/strong><\/p>\n<p><span class=\"s4\">Bilfrakt \u00e4r det ledande f\u00f6retaget f\u00f6r logistik-, maskin- och transporttj\u00e4nster i V\u00e4sterbotten. Sammanlagt oms\u00e4tter Bilfrakt 900 mkr och syssels\u00e4tter 700 personer med en fordonspark p\u00e5 600 olika maskiner och fordon. Bilfrakt \u00e4gs och drivs av \u00f6ver 200 \u00e5kerier som samverkar med specialistkompetens, service och engagemang f\u00f6r att leverera v\u00e4rdeskapande tj\u00e4nster i norr med stor omtanke f\u00f6r klimat och milj\u00f6.<\/span><\/p>\n<p>&nbsp;<\/p>\n<p><span>F\u00f6r mer information, v\u00e4nligen kontakta:<\/span><\/p>\n<p><span>Nicklas Hermansson<\/span><span><br \/><\/span><a href=\"090-206%2056 03\"><span>090-206 56 03<\/span><\/a><span><br \/><\/span><a href=\"mailto:nicklas.hermansson@bilfrakt.se\"><span class=\"s8\">nicklas.hermansson@bilfrakt.se<\/span><\/a><\/p>\n<p><span>Nils-Petter Fahlgren<br \/><\/span><span><a href=\"070-671%2021 76\">070-671 21 76<\/a><br \/><\/span><a href=\"mailto:Nils-petter@fahlgrens.se\"><span class=\"s8\">Nils-petter@fahlgrens.se<\/span><\/a><\/p>[\/et_pb_text][\/et_pb_column][\/et_pb_row][\/et_pb_section]\n","protected":false},"excerpt":{"rendered":"<p>Bild fr\u00e5n v\u00e4nster, Anders Karlsson, styrelseledamot Vindelfrakt, Nils-Petter Fahlgren, ordf\u00f6rande Vindelfrakt, Dage Munter, ordf\u00f6rande Bilfrakt &amp; Nicklas Hermansson, VD och koncernchef Bilfrakt.Bilfrakt expanderar sin verksamhet genom f\u00f6rv\u00e4rvet av Vindelfrakt, vilket inneb\u00e4r att f\u00f6retaget nu kan erbjuda \u00e4nnu mer effektiva och m\u00e5ngsidiga transportl\u00f6sningar. Med detta strategiska f\u00f6rv\u00e4rv st\u00e4rker Bilfrakt sin n\u00e4rvaro i regionen och ut\u00f6kar sitt [&hellip;]<\/p>\n","protected":false},"author":4,"featured_media":24846914,"comment_status":"closed","ping_status":"closed","sticky":false,"template":"","format":"standard","meta":{"_et_pb_use_builder":"on","_et_pb_old_content":"","_et_gb_content_width":"","footnotes":""},"categories":[20],"tags":[],"dipi_cpt_category":[],"class_list":["post-24846912","post","type-post","status-publish","format-standard","has-post-thumbnail","hentry","category-aktuellt"],"yoast_head":"<!-- This site is optimized with the Yoast SEO plugin v28.4 - https:\/\/yoast.com\/product\/yoast-seo-wordpress\/ -->\n<title>Bilfrakt f\u00f6rv\u00e4rvar Vindelfrakt \u2013 St\u00e4rker positionen i norra Sverige - Bilfrakt<\/title>\n<meta name=\"robots\" content=\"index, follow, max-snippet:-1, max-image-preview:large, max-video-preview:-1\" \/>\n<link rel=\"canonical\" href=\"https:\/\/bilfrakt.se\/en\/2025\/01\/07\/bilfrakt-forvarvar-vindelfrakt-starker-positionen-i-norra-sverige\/\" \/>\n<meta property=\"og:locale\" content=\"en_GB\" \/>\n<meta property=\"og:type\" content=\"article\" \/>\n<meta property=\"og:title\" content=\"Bilfrakt f\u00f6rv\u00e4rvar Vindelfrakt \u2013 St\u00e4rker positionen i norra Sverige - Bilfrakt\" \/>\n<meta property=\"og:description\" content=\"Bild fr\u00e5n v\u00e4nster, Anders Karlsson, styrelseledamot Vindelfrakt, Nils-Petter Fahlgren, ordf\u00f6rande Vindelfrakt, Dage Munter, ordf\u00f6rande Bilfrakt &amp; Nicklas Hermansson, VD och koncernchef Bilfrakt.Bilfrakt expanderar sin verksamhet genom f\u00f6rv\u00e4rvet av Vindelfrakt, vilket inneb\u00e4r att f\u00f6retaget nu kan erbjuda \u00e4nnu mer effektiva och m\u00e5ngsidiga transportl\u00f6sningar. Med detta strategiska f\u00f6rv\u00e4rv st\u00e4rker Bilfrakt sin n\u00e4rvaro i regionen och ut\u00f6kar sitt [&hellip;]\" \/>\n<meta property=\"og:url\" content=\"https:\/\/bilfrakt.se\/en\/2025\/01\/07\/bilfrakt-forvarvar-vindelfrakt-starker-positionen-i-norra-sverige\/\" \/>\n<meta property=\"og:site_name\" content=\"Bilfrakt\" \/>\n<meta property=\"article:published_time\" content=\"2025-01-07T13:21:45+00:00\" \/>\n<meta property=\"article:modified_time\" content=\"2025-01-07T13:21:50+00:00\" \/>\n<meta property=\"og:image\" content=\"https:\/\/bilfrakt.se\/wp-content\/uploads\/2025\/01\/Bild-Bilfrakt_Vindelfrakt-scaled.jpg\" \/>\n\t<meta property=\"og:image:width\" content=\"2560\" \/>\n\t<meta property=\"og:image:height\" content=\"1920\" \/>\n<meta name=\"author\" content=\"Bilfrakt\" \/>\n<meta name=\"twitter:card\" content=\"summary_large_image\" \/>\n<meta name=\"twitter:label1\" content=\"Written by\" \/>\n\t<meta name=\"twitter:data1\" content=\"Bilfrakt\" \/>\n\t<meta name=\"twitter:label2\" content=\"Estimated reading time\" \/>\n\t<meta name=\"twitter:data2\" content=\"3 minutes\" \/>\n<script type=\"application\/ld+json\" class=\"yoast-schema-graph\">{\"@context\":\"https:\\\/\\\/schema.org\",\"@graph\":[{\"@type\":\"Article\",\"@id\":\"https:\\\/\\\/bilfrakt.se\\\/2025\\\/01\\\/07\\\/bilfrakt-forvarvar-vindelfrakt-starker-positionen-i-norra-sverige\\\/#article\",\"isPartOf\":{\"@id\":\"https:\\\/\\\/bilfrakt.se\\\/2025\\\/01\\\/07\\\/bilfrakt-forvarvar-vindelfrakt-starker-positionen-i-norra-sverige\\\/\"},\"author\":{\"name\":\"Bilfrakt\",\"@id\":\"https:\\\/\\\/bilfrakt.se\\\/#\\\/schema\\\/person\\\/bc90b2d0d0233138bda26a57f804f820\"},\"headline\":\"Bilfrakt f\u00f6rv\u00e4rvar Vindelfrakt \u2013 St\u00e4rker positionen i norra Sverige\",\"datePublished\":\"2025-01-07T13:21:45+00:00\",\"dateModified\":\"2025-01-07T13:21:50+00:00\",\"mainEntityOfPage\":{\"@id\":\"https:\\\/\\\/bilfrakt.se\\\/2025\\\/01\\\/07\\\/bilfrakt-forvarvar-vindelfrakt-starker-positionen-i-norra-sverige\\\/\"},\"wordCount\":627,\"image\":{\"@id\":\"https:\\\/\\\/bilfrakt.se\\\/2025\\\/01\\\/07\\\/bilfrakt-forvarvar-vindelfrakt-starker-positionen-i-norra-sverige\\\/#primaryimage\"},\"thumbnailUrl\":\"https:\\\/\\\/bilfrakt.se\\\/wp-content\\\/uploads\\\/2025\\\/01\\\/Bild-Bilfrakt_Vindelfrakt-scaled.jpg\",\"articleSection\":[\"Aktuellt\"],\"inLanguage\":\"en-GB\"},{\"@type\":\"WebPage\",\"@id\":\"https:\\\/\\\/bilfrakt.se\\\/2025\\\/01\\\/07\\\/bilfrakt-forvarvar-vindelfrakt-starker-positionen-i-norra-sverige\\\/\",\"url\":\"https:\\\/\\\/bilfrakt.se\\\/2025\\\/01\\\/07\\\/bilfrakt-forvarvar-vindelfrakt-starker-positionen-i-norra-sverige\\\/\",\"name\":\"Bilfrakt f\u00f6rv\u00e4rvar Vindelfrakt \u2013 St\u00e4rker positionen i norra Sverige - Bilfrakt\",\"isPartOf\":{\"@id\":\"https:\\\/\\\/bilfrakt.se\\\/#website\"},\"primaryImageOfPage\":{\"@id\":\"https:\\\/\\\/bilfrakt.se\\\/2025\\\/01\\\/07\\\/bilfrakt-forvarvar-vindelfrakt-starker-positionen-i-norra-sverige\\\/#primaryimage\"},\"image\":{\"@id\":\"https:\\\/\\\/bilfrakt.se\\\/2025\\\/01\\\/07\\\/bilfrakt-forvarvar-vindelfrakt-starker-positionen-i-norra-sverige\\\/#primaryimage\"},\"thumbnailUrl\":\"https:\\\/\\\/bilfrakt.se\\\/wp-content\\\/uploads\\\/2025\\\/01\\\/Bild-Bilfrakt_Vindelfrakt-scaled.jpg\",\"datePublished\":\"2025-01-07T13:21:45+00:00\",\"dateModified\":\"2025-01-07T13:21:50+00:00\",\"author\":{\"@id\":\"https:\\\/\\\/bilfrakt.se\\\/#\\\/schema\\\/person\\\/bc90b2d0d0233138bda26a57f804f820\"},\"breadcrumb\":{\"@id\":\"https:\\\/\\\/bilfrakt.se\\\/2025\\\/01\\\/07\\\/bilfrakt-forvarvar-vindelfrakt-starker-positionen-i-norra-sverige\\\/#breadcrumb\"},\"inLanguage\":\"en-GB\",\"potentialAction\":[{\"@type\":\"ReadAction\",\"target\":[\"https:\\\/\\\/bilfrakt.se\\\/2025\\\/01\\\/07\\\/bilfrakt-forvarvar-vindelfrakt-starker-positionen-i-norra-sverige\\\/\"]}]},{\"@type\":\"ImageObject\",\"inLanguage\":\"en-GB\",\"@id\":\"https:\\\/\\\/bilfrakt.se\\\/2025\\\/01\\\/07\\\/bilfrakt-forvarvar-vindelfrakt-starker-positionen-i-norra-sverige\\\/#primaryimage\",\"url\":\"https:\\\/\\\/bilfrakt.se\\\/wp-content\\\/uploads\\\/2025\\\/01\\\/Bild-Bilfrakt_Vindelfrakt-scaled.jpg\",\"contentUrl\":\"https:\\\/\\\/bilfrakt.se\\\/wp-content\\\/uploads\\\/2025\\\/01\\\/Bild-Bilfrakt_Vindelfrakt-scaled.jpg\",\"width\":2560,\"height\":1920,\"caption\":\"Representanter fr\u00e5n Vindelfrakt och Bilfrakt st\u00e5r framf\u00f6r Vindelfrakts kontor.\"},{\"@type\":\"BreadcrumbList\",\"@id\":\"https:\\\/\\\/bilfrakt.se\\\/2025\\\/01\\\/07\\\/bilfrakt-forvarvar-vindelfrakt-starker-positionen-i-norra-sverige\\\/#breadcrumb\",\"itemListElement\":[{\"@type\":\"ListItem\",\"position\":1,\"name\":\"Hem\",\"item\":\"https:\\\/\\\/bilfrakt.se\\\/\"},{\"@type\":\"ListItem\",\"position\":2,\"name\":\"Bilfrakt f\u00f6rv\u00e4rvar Vindelfrakt \u2013 St\u00e4rker positionen i norra Sverige\"}]},{\"@type\":\"WebSite\",\"@id\":\"https:\\\/\\\/bilfrakt.se\\\/#website\",\"url\":\"https:\\\/\\\/bilfrakt.se\\\/\",\"name\":\"Bilfrakt\",\"description\":\"Tillsammans p&aring; v&auml;g fram&aring;t\",\"potentialAction\":[{\"@type\":\"SearchAction\",\"target\":{\"@type\":\"EntryPoint\",\"urlTemplate\":\"https:\\\/\\\/bilfrakt.se\\\/?s={search_term_string}\"},\"query-input\":{\"@type\":\"PropertyValueSpecification\",\"valueRequired\":true,\"valueName\":\"search_term_string\"}}],\"inLanguage\":\"en-GB\"},{\"@type\":\"Person\",\"@id\":\"https:\\\/\\\/bilfrakt.se\\\/#\\\/schema\\\/person\\\/bc90b2d0d0233138bda26a57f804f820\",\"name\":\"Bilfrakt\",\"image\":{\"@type\":\"ImageObject\",\"inLanguage\":\"en-GB\",\"@id\":\"https:\\\/\\\/secure.gravatar.com\\\/avatar\\\/5599a348ac0bea34905ab56d6ec1f51150557a1a546006f865406ce496c16869?s=96&d=mm&r=g\",\"url\":\"https:\\\/\\\/secure.gravatar.com\\\/avatar\\\/5599a348ac0bea34905ab56d6ec1f51150557a1a546006f865406ce496c16869?s=96&d=mm&r=g\",\"contentUrl\":\"https:\\\/\\\/secure.gravatar.com\\\/avatar\\\/5599a348ac0bea34905ab56d6ec1f51150557a1a546006f865406ce496c16869?s=96&d=mm&r=g\",\"caption\":\"Bilfrakt\"},\"url\":\"https:\\\/\\\/bilfrakt.se\\\/en\\\/author\\\/bilfrakt\\\/\"}]}<\/script>\n<!-- \/ Yoast SEO plugin. -->","yoast_head_json":{"title":"Bilfrakt f\u00f6rv\u00e4rvar Vindelfrakt \u2013 St\u00e4rker positionen i norra Sverige - Bilfrakt","robots":{"index":"index","follow":"follow","max-snippet":"max-snippet:-1","max-image-preview":"max-image-preview:large","max-video-preview":"max-video-preview:-1"},"canonical":"https:\/\/bilfrakt.se\/en\/2025\/01\/07\/bilfrakt-forvarvar-vindelfrakt-starker-positionen-i-norra-sverige\/","og_locale":"en_GB","og_type":"article","og_title":"Bilfrakt f\u00f6rv\u00e4rvar Vindelfrakt \u2013 St\u00e4rker positionen i norra Sverige - Bilfrakt","og_description":"Bild fr\u00e5n v\u00e4nster, Anders Karlsson, styrelseledamot Vindelfrakt, Nils-Petter Fahlgren, ordf\u00f6rande Vindelfrakt, Dage Munter, ordf\u00f6rande Bilfrakt &amp; Nicklas Hermansson, VD och koncernchef Bilfrakt.Bilfrakt expanderar sin verksamhet genom f\u00f6rv\u00e4rvet av Vindelfrakt, vilket inneb\u00e4r att f\u00f6retaget nu kan erbjuda \u00e4nnu mer effektiva och m\u00e5ngsidiga transportl\u00f6sningar. Med detta strategiska f\u00f6rv\u00e4rv st\u00e4rker Bilfrakt sin n\u00e4rvaro i regionen och ut\u00f6kar sitt [&hellip;]","og_url":"https:\/\/bilfrakt.se\/en\/2025\/01\/07\/bilfrakt-forvarvar-vindelfrakt-starker-positionen-i-norra-sverige\/","og_site_name":"Bilfrakt","article_published_time":"2025-01-07T13:21:45+00:00","article_modified_time":"2025-01-07T13:21:50+00:00","og_image":[{"url":"https:\/\/bilfrakt.se\/wp-content\/uploads\/2025\/01\/Bild-Bilfrakt_Vindelfrakt-scaled.jpg","width":2560,"height":1920,"type":""}],"author":"Bilfrakt","twitter_card":"summary_large_image","twitter_misc":{"Written by":"Bilfrakt","Estimated reading time":"3 minutes"},"schema":{"@context":"https:\/\/schema.org","@graph":[{"@type":"Article","@id":"https:\/\/bilfrakt.se\/2025\/01\/07\/bilfrakt-forvarvar-vindelfrakt-starker-positionen-i-norra-sverige\/#article","isPartOf":{"@id":"https:\/\/bilfrakt.se\/2025\/01\/07\/bilfrakt-forvarvar-vindelfrakt-starker-positionen-i-norra-sverige\/"},"author":{"name":"Bilfrakt","@id":"https:\/\/bilfrakt.se\/#\/schema\/person\/bc90b2d0d0233138bda26a57f804f820"},"headline":"Bilfrakt f\u00f6rv\u00e4rvar Vindelfrakt \u2013 St\u00e4rker positionen i norra Sverige","datePublished":"2025-01-07T13:21:45+00:00","dateModified":"2025-01-07T13:21:50+00:00","mainEntityOfPage":{"@id":"https:\/\/bilfrakt.se\/2025\/01\/07\/bilfrakt-forvarvar-vindelfrakt-starker-positionen-i-norra-sverige\/"},"wordCount":627,"image":{"@id":"https:\/\/bilfrakt.se\/2025\/01\/07\/bilfrakt-forvarvar-vindelfrakt-starker-positionen-i-norra-sverige\/#primaryimage"},"thumbnailUrl":"https:\/\/bilfrakt.se\/wp-content\/uploads\/2025\/01\/Bild-Bilfrakt_Vindelfrakt-scaled.jpg","articleSection":["Aktuellt"],"inLanguage":"en-GB"},{"@type":"WebPage","@id":"https:\/\/bilfrakt.se\/2025\/01\/07\/bilfrakt-forvarvar-vindelfrakt-starker-positionen-i-norra-sverige\/","url":"https:\/\/bilfrakt.se\/2025\/01\/07\/bilfrakt-forvarvar-vindelfrakt-starker-positionen-i-norra-sverige\/","name":"Bilfrakt f\u00f6rv\u00e4rvar Vindelfrakt \u2013 St\u00e4rker positionen i norra Sverige - Bilfrakt","isPartOf":{"@id":"https:\/\/bilfrakt.se\/#website"},"primaryImageOfPage":{"@id":"https:\/\/bilfrakt.se\/2025\/01\/07\/bilfrakt-forvarvar-vindelfrakt-starker-positionen-i-norra-sverige\/#primaryimage"},"image":{"@id":"https:\/\/bilfrakt.se\/2025\/01\/07\/bilfrakt-forvarvar-vindelfrakt-starker-positionen-i-norra-sverige\/#primaryimage"},"thumbnailUrl":"https:\/\/bilfrakt.se\/wp-content\/uploads\/2025\/01\/Bild-Bilfrakt_Vindelfrakt-scaled.jpg","datePublished":"2025-01-07T13:21:45+00:00","dateModified":"2025-01-07T13:21:50+00:00","author":{"@id":"https:\/\/bilfrakt.se\/#\/schema\/person\/bc90b2d0d0233138bda26a57f804f820"},"breadcrumb":{"@id":"https:\/\/bilfrakt.se\/2025\/01\/07\/bilfrakt-forvarvar-vindelfrakt-starker-positionen-i-norra-sverige\/#breadcrumb"},"inLanguage":"en-GB","potentialAction":[{"@type":"ReadAction","target":["https:\/\/bilfrakt.se\/2025\/01\/07\/bilfrakt-forvarvar-vindelfrakt-starker-positionen-i-norra-sverige\/"]}]},{"@type":"ImageObject","inLanguage":"en-GB","@id":"https:\/\/bilfrakt.se\/2025\/01\/07\/bilfrakt-forvarvar-vindelfrakt-starker-positionen-i-norra-sverige\/#primaryimage","url":"https:\/\/bilfrakt.se\/wp-content\/uploads\/2025\/01\/Bild-Bilfrakt_Vindelfrakt-scaled.jpg","contentUrl":"https:\/\/bilfrakt.se\/wp-content\/uploads\/2025\/01\/Bild-Bilfrakt_Vindelfrakt-scaled.jpg","width":2560,"height":1920,"caption":"Representanter fr\u00e5n Vindelfrakt och Bilfrakt st\u00e5r framf\u00f6r Vindelfrakts kontor."},{"@type":"BreadcrumbList","@id":"https:\/\/bilfrakt.se\/2025\/01\/07\/bilfrakt-forvarvar-vindelfrakt-starker-positionen-i-norra-sverige\/#breadcrumb","itemListElement":[{"@type":"ListItem","position":1,"name":"Hem","item":"https:\/\/bilfrakt.se\/"},{"@type":"ListItem","position":2,"name":"Bilfrakt f\u00f6rv\u00e4rvar Vindelfrakt \u2013 St\u00e4rker positionen i norra Sverige"}]},{"@type":"WebSite","@id":"https:\/\/bilfrakt.se\/#website","url":"https:\/\/bilfrakt.se\/","name":"Bilfrakt","description":"Tillsammans p&aring; v&auml;g fram&aring;t","potentialAction":[{"@type":"SearchAction","target":{"@type":"EntryPoint","urlTemplate":"https:\/\/bilfrakt.se\/?s={search_term_string}"},"query-input":{"@type":"PropertyValueSpecification","valueRequired":true,"valueName":"search_term_string"}}],"inLanguage":"en-GB"},{"@type":"Person","@id":"https:\/\/bilfrakt.se\/#\/schema\/person\/bc90b2d0d0233138bda26a57f804f820","name":"Bilfrakt","image":{"@type":"ImageObject","inLanguage":"en-GB","@id":"https:\/\/secure.gravatar.com\/avatar\/5599a348ac0bea34905ab56d6ec1f51150557a1a546006f865406ce496c16869?s=96&d=mm&r=g","url":"https:\/\/secure.gravatar.com\/avatar\/5599a348ac0bea34905ab56d6ec1f51150557a1a546006f865406ce496c16869?s=96&d=mm&r=g","contentUrl":"https:\/\/secure.gravatar.com\/avatar\/5599a348ac0bea34905ab56d6ec1f51150557a1a546006f865406ce496c16869?s=96&d=mm&r=g","caption":"Bilfrakt"},"url":"https:\/\/bilfrakt.se\/en\/author\/bilfrakt\/"}]}},"_links":{"self":[{"href":"https:\/\/bilfrakt.se\/en\/wp-json\/wp\/v2\/posts\/24846912","targetHints":{"allow":["GET"]}}],"collection":[{"href":"https:\/\/bilfrakt.se\/en\/wp-json\/wp\/v2\/posts"}],"about":[{"href":"https:\/\/bilfrakt.se\/en\/wp-json\/wp\/v2\/types\/post"}],"author":[{"embeddable":true,"href":"https:\/\/bilfrakt.se\/en\/wp-json\/wp\/v2\/users\/4"}],"replies":[{"embeddable":true,"href":"https:\/\/bilfrakt.se\/en\/wp-json\/wp\/v2\/comments?post=24846912"}],"version-history":[{"count":3,"href":"https:\/\/bilfrakt.se\/en\/wp-json\/wp\/v2\/posts\/24846912\/revisions"}],"predecessor-version":[{"id":24846917,"href":"https:\/\/bilfrakt.se\/en\/wp-json\/wp\/v2\/posts\/24846912\/revisions\/24846917"}],"wp:featuredmedia":[{"embeddable":true,"href":"https:\/\/bilfrakt.se\/en\/wp-json\/wp\/v2\/media\/24846914"}],"wp:attachment":[{"href":"https:\/\/bilfrakt.se\/en\/wp-json\/wp\/v2\/media?parent=24846912"}],"wp:term":[{"taxonomy":"category","embeddable":true,"href":"https:\/\/bilfrakt.se\/en\/wp-json\/wp\/v2\/categories?post=24846912"},{"taxonomy":"post_tag","embeddable":true,"href":"https:\/\/bilfrakt.se\/en\/wp-json\/wp\/v2\/tags?post=24846912"},{"taxonomy":"dipi_cpt_category","embeddable":true,"href":"https:\/\/bilfrakt.se\/en\/wp-json\/wp\/v2\/dipi_cpt_category?post=24846912"}],"curies":[{"name":"wp","href":"https:\/\/api.w.org\/{rel}","templated":true}]}}