{"id":24848153,"date":"2025-10-16T06:46:00","date_gmt":"2025-10-16T06:46:00","guid":{"rendered":"https:\/\/bilfrakt.se\/?p=24848153"},"modified":"2025-10-16T06:47:59","modified_gmt":"2025-10-16T06:47:59","slug":"transportledare-till-bilfrakt-bothnia-ab-logistik-i-umea","status":"publish","type":"post","link":"https:\/\/bilfrakt.se\/en\/2025\/10\/16\/transportledare-till-bilfrakt-bothnia-ab-logistik-i-umea\/","title":{"rendered":"Transportledare till Bilfrakt Bothnia AB \u2013 Logistik i Ume\u00e5"},"content":{"rendered":"<p>[et_pb_section fb_built=&#8221;1&#8243; theme_builder_area=&#8221;post_content&#8221; _builder_version=&#8221;4.27.4&#8243; _module_preset=&#8221;default&#8221; custom_margin=&#8221;0px||0px||false|false&#8221; custom_padding=&#8221;0px||0px||false|false&#8221; hover_enabled=&#8221;0&#8243; sticky_enabled=&#8221;0&#8243;][et_pb_row _builder_version=&#8221;4.27.4&#8243; _module_preset=&#8221;default&#8221; theme_builder_area=&#8221;post_content&#8221; width_last_edited=&#8221;on|phone&#8221; hover_enabled=&#8221;0&#8243; sticky_enabled=&#8221;0&#8243; width_tablet=&#8221;100%&#8221; width_phone=&#8221;100%&#8221;][et_pb_column _builder_version=&#8221;4.27.4&#8243; _module_preset=&#8221;default&#8221; type=&#8221;4_4&#8243; theme_builder_area=&#8221;post_content&#8221;][et_pb_text _builder_version=&#8221;4.27.4&#8243; _module_preset=&#8221;default&#8221; theme_builder_area=&#8221;post_content&#8221; text_font=&#8221;||||||||&#8221; hover_enabled=&#8221;0&#8243; sticky_enabled=&#8221;0&#8243;]<\/p>\n<h2>Vill du vara med och skapa framtidens h\u00e5llbara transportl\u00f6sningar?<\/h2>\n<p>[\/et_pb_text][et_pb_text _builder_version=&#8221;4.27.4&#8243; _module_preset=&#8221;default&#8221; theme_builder_area=&#8221;post_content&#8221; text_font=&#8221;||on||||||&#8221; hover_enabled=&#8221;0&#8243; sticky_enabled=&#8221;0&#8243; max_width_last_edited=&#8221;on|phone&#8221; max_width_tablet=&#8221;100%&#8221; max_width_phone=&#8221;100%&#8221;]<\/p>\n<p>Vi p\u00e5 Bilfrakt Bothnia AB s\u00f6ker en engagerad och driven Transportledare som vill ta ansvar f\u00f6r v\u00e5r transportledning och bidra till v\u00e5r fortsatta utveckling. <br \/>H\u00e4r f\u00e5r du en central roll d\u00e4r dina beslut g\u00f6r skillnad \u2013 b\u00e5de f\u00f6r v\u00e5ra kunder och f\u00f6r milj\u00f6n.<\/p>\n<p>[\/et_pb_text][et_pb_text _builder_version=&#8221;4.27.4&#8243; _module_preset=&#8221;default&#8221; theme_builder_area=&#8221;post_content&#8221; text_font=&#8221;||||||||&#8221; hover_enabled=&#8221;0&#8243; sticky_enabled=&#8221;0&#8243; alt=&#8221;En rad med r\u00f6da lastbilar fr\u00e5n Bilfrakt uppst\u00e4llda p\u00e5 en solig dag med skog i bakgrunden.&#8221; title_text=&#8221;DSC_0143&#8243; background_image=&#8221;https:\/\/bilfrakt.se\/wp-content\/uploads\/2025\/02\/DSC_0143-scaled.jpg&#8221; height=&#8221;500px&#8221; height_last_edited=&#8221;on|phone&#8221; height_tablet=&#8221;250px&#8221; height_phone=&#8221;200px&#8221; module_class=&#8221;visnings-bild&#8221;][\/et_pb_text][et_pb_text _builder_version=&#8221;4.27.4&#8243; _module_preset=&#8221;default&#8221; theme_builder_area=&#8221;post_content&#8221; border_color_right=&#8221;#EDECE6&#8243; border_color_bottom=&#8221;#000000&#8243; border_width_bottom=&#8221;4px&#8221; border_style_bottom=&#8221;double&#8221; custom_padding=&#8221;||20px||false|false&#8221; hover_enabled=&#8221;0&#8243; sticky_enabled=&#8221;0&#8243;]<\/p>\n<h3>Om oss<\/h3>\n<p>Bilfrakt Bothnia AB \u00e4r en l\u00e5ngsiktigt v\u00e4xande akt\u00f6r i V\u00e4sterbotten med r\u00f6tter \u00e4nda tillbaka till 1940-talet. Med modern fordonspark, digitala system och en stark v\u00e4rdegrund \u00e4r vi stolta \u00f6ver att leverera trygga, effektiva och klimatsmarta transport- och logistiktj\u00e4nster.<\/p>\n<p>V\u00e5ra medarbetare \u00e4r grunden till v\u00e5r framg\u00e5ng. Vi satsar p\u00e5 din utveckling och trivsel, och vi tror p\u00e5 en arbetsplats d\u00e4r h\u00e5llbarhet, ansvar och omtanke genomsyrar allt vi g\u00f6r.<\/p>\n<p>[\/et_pb_text][et_pb_text _builder_version=&#8221;4.27.4&#8243; _module_preset=&#8221;default&#8221; theme_builder_area=&#8221;post_content&#8221; border_color_right=&#8221;#EDECE6&#8243; border_color_bottom=&#8221;#000000&#8243; border_width_bottom=&#8221;4px&#8221; border_style_bottom=&#8221;double&#8221; custom_padding=&#8221;||20px||false|false&#8221; hover_enabled=&#8221;0&#8243; sticky_enabled=&#8221;0&#8243;]<\/p>\n<h3>Din roll hos oss<\/h3>\n<p>Som transportledare f\u00e5r du en sp\u00e4nnande och sj\u00e4lvst\u00e4ndig roll med ansvar f\u00f6r hela transportkedjan \u2013 fr\u00e5n offert till fakturering. Du planerar, styr och optimerar transporter med v\u00e5ra t\u00e4ckta och \u00f6ppna bilar och ser till att varje uppdrag genomf\u00f6rs effektivt och kostnadsm\u00e4ssigt smart.<\/p>\n<p>Du ing\u00e5r i en grupp med tv\u00e5 andra transportledare d\u00e4r ni samarbetar t\u00e4tt f\u00f6r att s\u00e4kerst\u00e4lla att v\u00e5r transportledning fungerar smidigt och effektivt. Tillsammans utvecklar ni processer och rutiner som g\u00f6r v\u00e5r logistik \u00e4nnu b\u00e4ttre. Din insats \u00e4r avg\u00f6rande f\u00f6r att skapa v\u00e4rde f\u00f6r v\u00e5ra kunder och f\u00f6r att bidra till en h\u00e5llbar transportverksamhet.<\/p>\n<p>Vi erbjuder dig en flexibel, varierad arbetsdag d\u00e4r din initiativf\u00f6rm\u00e5ga och ditt engagemang verkligen f\u00e5r blomma ut.<\/p>\n<p>[\/et_pb_text][et_pb_text _builder_version=&#8221;4.27.4&#8243; _module_preset=&#8221;default&#8221; theme_builder_area=&#8221;post_content&#8221; border_color_right=&#8221;#EDECE6&#8243; border_color_bottom=&#8221;#000000&#8243; border_width_bottom=&#8221;4px&#8221; border_style_bottom=&#8221;double&#8221; custom_padding=&#8221;||20px||false|false&#8221; hover_enabled=&#8221;0&#8243; sticky_enabled=&#8221;0&#8243;]<\/p>\n<h3>Placering<\/h3>\n<p>Tj\u00e4nsten \u00e4r placerad i Ume\u00e5.<\/p>\n<p>[\/et_pb_text][et_pb_text _builder_version=&#8221;4.27.4&#8243; _module_preset=&#8221;default&#8221; theme_builder_area=&#8221;post_content&#8221; border_color_right=&#8221;#EDECE6&#8243; border_color_bottom=&#8221;#000000&#8243; border_width_bottom=&#8221;4px&#8221; border_style_bottom=&#8221;double&#8221; custom_padding=&#8221;||20px||false|false&#8221; hover_enabled=&#8221;0&#8243; sticky_enabled=&#8221;0&#8243;]<\/p>\n<h3>Vi tror att du<\/h3>\n<ul>\n<li>Har erfarenhet fr\u00e5n logistik- eller transportbranschen och f\u00f6rst\u00e5r kundernas och leverant\u00f6rernas behov<\/li>\n<li>\u00c4r van vid IT och system, och l\u00e4r dig nya verktyg snabbt<\/li>\n<li>\u00c4r en naturlig lagspelare som trivs i samarbete med m\u00e5nga olika m\u00e4nniskor<\/li>\n<li>\u00c4r sj\u00e4lvg\u00e5ende, flexibel och har en stark k\u00e4nsla f\u00f6r kvalitet och ordning<\/li>\n<li>Vill utvecklas och bidra till att f\u00f6rb\u00e4ttra verksamheten kontinuerligt<\/li>\n<\/ul>\n<p>[\/et_pb_text][et_pb_text _builder_version=&#8221;4.27.4&#8243; _module_preset=&#8221;default&#8221; theme_builder_area=&#8221;post_content&#8221; border_color_right=&#8221;#EDECE6&#8243; border_color_bottom=&#8221;#000000&#8243; border_width_bottom=&#8221;4px&#8221; border_style_bottom=&#8221;double&#8221; custom_padding=&#8221;||20px||false|false&#8221; hover_enabled=&#8221;0&#8243; sticky_enabled=&#8221;0&#8243;]<\/p>\n<h3>Praktiskt<\/h3>\n<ul>\n<li>Tillsvidareanst\u00e4llning, heltid<\/li>\n<li>Start enligt \u00f6verenskommelse, g\u00e4rna snarast<\/li>\n<li>Tj\u00e4nsten kan tills\u00e4ttas innan sista ans\u00f6kningsdag \u2013 v\u00e4nta inte med din ans\u00f6kan!<\/li>\n<li>Sista ans\u00f6kningsdag: onsdag 26 november<\/li>\n<\/ul>\n<p>[\/et_pb_text][et_pb_text _builder_version=&#8221;4.27.4&#8243; _module_preset=&#8221;default&#8221; theme_builder_area=&#8221;post_content&#8221; border_color_right=&#8221;#EDECE6&#8243; border_color_bottom=&#8221;#000000&#8243; border_width_bottom=&#8221;4px&#8221; border_style_bottom=&#8221;double&#8221; custom_padding=&#8221;||20px||false|false&#8221; hover_enabled=&#8221;0&#8243; sticky_enabled=&#8221;0&#8243; link_font=&#8221;||||on|||#000000|&#8221; link_text_color=&#8221;#000000&#8243;]<\/p>\n<h3>Ans\u00f6kan och kontakt<\/h3>\n<p>Skicka din ans\u00f6kan till: <a href=\"mailto:rekrytering@bilfrakt.se\"><strong>rekrytering@bilfrakt.se<\/strong><\/a><br \/>M\u00e4rk mejlet med: <strong>Transportledare Logistik, Ume\u00e5<\/strong><\/p>\n<p>Har du fr\u00e5gor kring tj\u00e4nsten?<\/p>\n<p><strong>Linda Danielsson<\/strong>, Produktionsomr\u00e5des chef, <a href=\"tel:090-2065614\">090-206 56 14<\/a>, <a href=\"mailto:linda.danielsson@bilfrakt.se\">linda.danielsson@bilfrakt.se<\/a><br \/><strong>Niklas Granath<\/strong>, Transportledare\/s\u00e4ljare, <a href=\"tel:090-2065627\">090-206 56 27<\/a>, <a href=\"mailto:niklas.granath@bilfrakt.se\">niklas.granath@bilfrakt.se<\/a><br \/><strong>Mathias Rolandsson<\/strong>, Transportledare\/s\u00e4ljare, <a href=\"tel:090-2065622\">090-206 56 22<\/a>, <a href=\"mailto:mathias.rolandsson@bilfrakt.se\">mathias.rolandsson@bilfrakt.se<\/a><\/p>\n<p>[\/et_pb_text][et_pb_text _builder_version=&#8221;4.27.4&#8243; _module_preset=&#8221;default&#8221; theme_builder_area=&#8221;post_content&#8221; hover_enabled=&#8221;0&#8243; sticky_enabled=&#8221;0&#8243;]<\/p>\n<p>Vill du vara en viktig del av v\u00e5r framg\u00e5ngsresa? Vi ser fram emot att h\u00f6ra fr\u00e5n dig!<\/p>\n<p>[\/et_pb_text][\/et_pb_column][\/et_pb_row][\/et_pb_section]<\/p>\n","protected":false},"excerpt":{"rendered":"<p>Vill du vara med och skapa framtidens h\u00e5llbara transportl\u00f6sningar?Vi p\u00e5 Bilfrakt Bothnia AB s\u00f6ker en engagerad och driven Transportledare som vill ta ansvar f\u00f6r v\u00e5r transportledning och bidra till v\u00e5r fortsatta utveckling. H\u00e4r f\u00e5r du en central roll d\u00e4r dina beslut g\u00f6r skillnad \u2013 b\u00e5de f\u00f6r v\u00e5ra kunder och f\u00f6r milj\u00f6n.Om oss Bilfrakt Bothnia AB [&hellip;]<\/p>\n","protected":false},"author":8,"featured_media":24847465,"comment_status":"closed","ping_status":"closed","sticky":false,"template":"","format":"standard","meta":{"_et_pb_use_builder":"on","_et_pb_old_content":"","_et_gb_content_width":"","footnotes":""},"categories":[20],"tags":[],"dipi_cpt_category":[],"class_list":["post-24848153","post","type-post","status-publish","format-standard","has-post-thumbnail","hentry","category-aktuellt"],"yoast_head":"<!-- This site is optimized with the Yoast SEO plugin v28.4 - https:\/\/yoast.com\/product\/yoast-seo-wordpress\/ -->\n<title>Transportledare till Bilfrakt Bothnia AB \u2013 Logistik i Ume\u00e5 - Bilfrakt<\/title>\n<meta name=\"robots\" content=\"index, follow, max-snippet:-1, max-image-preview:large, max-video-preview:-1\" \/>\n<link rel=\"canonical\" href=\"https:\/\/bilfrakt.se\/en\/2025\/10\/16\/transportledare-till-bilfrakt-bothnia-ab-logistik-i-umea\/\" \/>\n<meta property=\"og:locale\" content=\"en_GB\" \/>\n<meta property=\"og:type\" content=\"article\" \/>\n<meta property=\"og:title\" content=\"Transportledare till Bilfrakt Bothnia AB \u2013 Logistik i Ume\u00e5 - Bilfrakt\" \/>\n<meta property=\"og:description\" content=\"Vill du vara med och skapa framtidens h\u00e5llbara transportl\u00f6sningar?Vi p\u00e5 Bilfrakt Bothnia AB s\u00f6ker en engagerad och driven Transportledare som vill ta ansvar f\u00f6r v\u00e5r transportledning och bidra till v\u00e5r fortsatta utveckling. H\u00e4r f\u00e5r du en central roll d\u00e4r dina beslut g\u00f6r skillnad \u2013 b\u00e5de f\u00f6r v\u00e5ra kunder och f\u00f6r milj\u00f6n.Om oss Bilfrakt Bothnia AB [&hellip;]\" \/>\n<meta property=\"og:url\" content=\"https:\/\/bilfrakt.se\/en\/2025\/10\/16\/transportledare-till-bilfrakt-bothnia-ab-logistik-i-umea\/\" \/>\n<meta property=\"og:site_name\" content=\"Bilfrakt\" \/>\n<meta property=\"article:published_time\" content=\"2025-10-16T06:46:00+00:00\" \/>\n<meta property=\"article:modified_time\" content=\"2025-10-16T06:47:59+00:00\" \/>\n<meta property=\"og:image\" content=\"https:\/\/bilfrakt.se\/wp-content\/uploads\/2025\/02\/DSC_0143-scaled.jpg\" \/>\n\t<meta property=\"og:image:width\" content=\"2560\" \/>\n\t<meta property=\"og:image:height\" content=\"1707\" \/>\n<meta name=\"author\" content=\"CCMediaWebb\" \/>\n<meta name=\"twitter:card\" content=\"summary_large_image\" \/>\n<meta name=\"twitter:label1\" content=\"Written by\" \/>\n\t<meta name=\"twitter:data1\" content=\"CCMediaWebb\" \/>\n\t<meta name=\"twitter:label2\" content=\"Estimated reading time\" \/>\n\t<meta name=\"twitter:data2\" content=\"1 minute\" \/>\n<script type=\"application\/ld+json\" class=\"yoast-schema-graph\">{\"@context\":\"https:\\\/\\\/schema.org\",\"@graph\":[{\"@type\":\"Article\",\"@id\":\"https:\\\/\\\/bilfrakt.se\\\/2025\\\/10\\\/16\\\/transportledare-till-bilfrakt-bothnia-ab-logistik-i-umea\\\/#article\",\"isPartOf\":{\"@id\":\"https:\\\/\\\/bilfrakt.se\\\/2025\\\/10\\\/16\\\/transportledare-till-bilfrakt-bothnia-ab-logistik-i-umea\\\/\"},\"author\":{\"name\":\"CCMediaWebb\",\"@id\":\"https:\\\/\\\/bilfrakt.se\\\/#\\\/schema\\\/person\\\/27df08913faff4304d47baabfef3ddb2\"},\"headline\":\"Transportledare till Bilfrakt Bothnia AB \u2013 Logistik i Ume\u00e5\",\"datePublished\":\"2025-10-16T06:46:00+00:00\",\"dateModified\":\"2025-10-16T06:47:59+00:00\",\"mainEntityOfPage\":{\"@id\":\"https:\\\/\\\/bilfrakt.se\\\/2025\\\/10\\\/16\\\/transportledare-till-bilfrakt-bothnia-ab-logistik-i-umea\\\/\"},\"wordCount\":966,\"image\":{\"@id\":\"https:\\\/\\\/bilfrakt.se\\\/2025\\\/10\\\/16\\\/transportledare-till-bilfrakt-bothnia-ab-logistik-i-umea\\\/#primaryimage\"},\"thumbnailUrl\":\"https:\\\/\\\/bilfrakt.se\\\/wp-content\\\/uploads\\\/2025\\\/02\\\/DSC_0143-scaled.jpg\",\"articleSection\":[\"Aktuellt\"],\"inLanguage\":\"en-GB\"},{\"@type\":\"WebPage\",\"@id\":\"https:\\\/\\\/bilfrakt.se\\\/2025\\\/10\\\/16\\\/transportledare-till-bilfrakt-bothnia-ab-logistik-i-umea\\\/\",\"url\":\"https:\\\/\\\/bilfrakt.se\\\/2025\\\/10\\\/16\\\/transportledare-till-bilfrakt-bothnia-ab-logistik-i-umea\\\/\",\"name\":\"Transportledare till Bilfrakt Bothnia AB \u2013 Logistik i Ume\u00e5 - Bilfrakt\",\"isPartOf\":{\"@id\":\"https:\\\/\\\/bilfrakt.se\\\/#website\"},\"primaryImageOfPage\":{\"@id\":\"https:\\\/\\\/bilfrakt.se\\\/2025\\\/10\\\/16\\\/transportledare-till-bilfrakt-bothnia-ab-logistik-i-umea\\\/#primaryimage\"},\"image\":{\"@id\":\"https:\\\/\\\/bilfrakt.se\\\/2025\\\/10\\\/16\\\/transportledare-till-bilfrakt-bothnia-ab-logistik-i-umea\\\/#primaryimage\"},\"thumbnailUrl\":\"https:\\\/\\\/bilfrakt.se\\\/wp-content\\\/uploads\\\/2025\\\/02\\\/DSC_0143-scaled.jpg\",\"datePublished\":\"2025-10-16T06:46:00+00:00\",\"dateModified\":\"2025-10-16T06:47:59+00:00\",\"author\":{\"@id\":\"https:\\\/\\\/bilfrakt.se\\\/#\\\/schema\\\/person\\\/27df08913faff4304d47baabfef3ddb2\"},\"breadcrumb\":{\"@id\":\"https:\\\/\\\/bilfrakt.se\\\/2025\\\/10\\\/16\\\/transportledare-till-bilfrakt-bothnia-ab-logistik-i-umea\\\/#breadcrumb\"},\"inLanguage\":\"en-GB\",\"potentialAction\":[{\"@type\":\"ReadAction\",\"target\":[\"https:\\\/\\\/bilfrakt.se\\\/2025\\\/10\\\/16\\\/transportledare-till-bilfrakt-bothnia-ab-logistik-i-umea\\\/\"]}]},{\"@type\":\"ImageObject\",\"inLanguage\":\"en-GB\",\"@id\":\"https:\\\/\\\/bilfrakt.se\\\/2025\\\/10\\\/16\\\/transportledare-till-bilfrakt-bothnia-ab-logistik-i-umea\\\/#primaryimage\",\"url\":\"https:\\\/\\\/bilfrakt.se\\\/wp-content\\\/uploads\\\/2025\\\/02\\\/DSC_0143-scaled.jpg\",\"contentUrl\":\"https:\\\/\\\/bilfrakt.se\\\/wp-content\\\/uploads\\\/2025\\\/02\\\/DSC_0143-scaled.jpg\",\"width\":2560,\"height\":1707,\"caption\":\"En rad med r\u00f6da lastbilar fr\u00e5n Bilfrakt uppst\u00e4llda p\u00e5 en solig dag med skog i bakgrunden.\"},{\"@type\":\"BreadcrumbList\",\"@id\":\"https:\\\/\\\/bilfrakt.se\\\/2025\\\/10\\\/16\\\/transportledare-till-bilfrakt-bothnia-ab-logistik-i-umea\\\/#breadcrumb\",\"itemListElement\":[{\"@type\":\"ListItem\",\"position\":1,\"name\":\"Hem\",\"item\":\"https:\\\/\\\/bilfrakt.se\\\/\"},{\"@type\":\"ListItem\",\"position\":2,\"name\":\"Transportledare till Bilfrakt Bothnia AB \u2013 Logistik i Ume\u00e5\"}]},{\"@type\":\"WebSite\",\"@id\":\"https:\\\/\\\/bilfrakt.se\\\/#website\",\"url\":\"https:\\\/\\\/bilfrakt.se\\\/\",\"name\":\"Bilfrakt\",\"description\":\"Tillsammans p&aring; v&auml;g fram&aring;t\",\"potentialAction\":[{\"@type\":\"SearchAction\",\"target\":{\"@type\":\"EntryPoint\",\"urlTemplate\":\"https:\\\/\\\/bilfrakt.se\\\/?s={search_term_string}\"},\"query-input\":{\"@type\":\"PropertyValueSpecification\",\"valueRequired\":true,\"valueName\":\"search_term_string\"}}],\"inLanguage\":\"en-GB\"},{\"@type\":\"Person\",\"@id\":\"https:\\\/\\\/bilfrakt.se\\\/#\\\/schema\\\/person\\\/27df08913faff4304d47baabfef3ddb2\",\"name\":\"CCMediaWebb\",\"image\":{\"@type\":\"ImageObject\",\"inLanguage\":\"en-GB\",\"@id\":\"https:\\\/\\\/secure.gravatar.com\\\/avatar\\\/3d30a62da67f153baf68d746b63ae1042fdabdcc0c87e2e7511104e387bc38e5?s=96&d=mm&r=g\",\"url\":\"https:\\\/\\\/secure.gravatar.com\\\/avatar\\\/3d30a62da67f153baf68d746b63ae1042fdabdcc0c87e2e7511104e387bc38e5?s=96&d=mm&r=g\",\"contentUrl\":\"https:\\\/\\\/secure.gravatar.com\\\/avatar\\\/3d30a62da67f153baf68d746b63ae1042fdabdcc0c87e2e7511104e387bc38e5?s=96&d=mm&r=g\",\"caption\":\"CCMediaWebb\"},\"url\":\"https:\\\/\\\/bilfrakt.se\\\/en\\\/author\\\/ccmediawebb\\\/\"}]}<\/script>\n<!-- \/ Yoast SEO plugin. -->","yoast_head_json":{"title":"Transportledare till Bilfrakt Bothnia AB \u2013 Logistik i Ume\u00e5 - Bilfrakt","robots":{"index":"index","follow":"follow","max-snippet":"max-snippet:-1","max-image-preview":"max-image-preview:large","max-video-preview":"max-video-preview:-1"},"canonical":"https:\/\/bilfrakt.se\/en\/2025\/10\/16\/transportledare-till-bilfrakt-bothnia-ab-logistik-i-umea\/","og_locale":"en_GB","og_type":"article","og_title":"Transportledare till Bilfrakt Bothnia AB \u2013 Logistik i Ume\u00e5 - Bilfrakt","og_description":"Vill du vara med och skapa framtidens h\u00e5llbara transportl\u00f6sningar?Vi p\u00e5 Bilfrakt Bothnia AB s\u00f6ker en engagerad och driven Transportledare som vill ta ansvar f\u00f6r v\u00e5r transportledning och bidra till v\u00e5r fortsatta utveckling. H\u00e4r f\u00e5r du en central roll d\u00e4r dina beslut g\u00f6r skillnad \u2013 b\u00e5de f\u00f6r v\u00e5ra kunder och f\u00f6r milj\u00f6n.Om oss Bilfrakt Bothnia AB [&hellip;]","og_url":"https:\/\/bilfrakt.se\/en\/2025\/10\/16\/transportledare-till-bilfrakt-bothnia-ab-logistik-i-umea\/","og_site_name":"Bilfrakt","article_published_time":"2025-10-16T06:46:00+00:00","article_modified_time":"2025-10-16T06:47:59+00:00","og_image":[{"url":"https:\/\/bilfrakt.se\/wp-content\/uploads\/2025\/02\/DSC_0143-scaled.jpg","width":2560,"height":1707,"type":""}],"author":"CCMediaWebb","twitter_card":"summary_large_image","twitter_misc":{"Written by":"CCMediaWebb","Estimated reading time":"1 minute"},"schema":{"@context":"https:\/\/schema.org","@graph":[{"@type":"Article","@id":"https:\/\/bilfrakt.se\/2025\/10\/16\/transportledare-till-bilfrakt-bothnia-ab-logistik-i-umea\/#article","isPartOf":{"@id":"https:\/\/bilfrakt.se\/2025\/10\/16\/transportledare-till-bilfrakt-bothnia-ab-logistik-i-umea\/"},"author":{"name":"CCMediaWebb","@id":"https:\/\/bilfrakt.se\/#\/schema\/person\/27df08913faff4304d47baabfef3ddb2"},"headline":"Transportledare till Bilfrakt Bothnia AB \u2013 Logistik i Ume\u00e5","datePublished":"2025-10-16T06:46:00+00:00","dateModified":"2025-10-16T06:47:59+00:00","mainEntityOfPage":{"@id":"https:\/\/bilfrakt.se\/2025\/10\/16\/transportledare-till-bilfrakt-bothnia-ab-logistik-i-umea\/"},"wordCount":966,"image":{"@id":"https:\/\/bilfrakt.se\/2025\/10\/16\/transportledare-till-bilfrakt-bothnia-ab-logistik-i-umea\/#primaryimage"},"thumbnailUrl":"https:\/\/bilfrakt.se\/wp-content\/uploads\/2025\/02\/DSC_0143-scaled.jpg","articleSection":["Aktuellt"],"inLanguage":"en-GB"},{"@type":"WebPage","@id":"https:\/\/bilfrakt.se\/2025\/10\/16\/transportledare-till-bilfrakt-bothnia-ab-logistik-i-umea\/","url":"https:\/\/bilfrakt.se\/2025\/10\/16\/transportledare-till-bilfrakt-bothnia-ab-logistik-i-umea\/","name":"Transportledare till Bilfrakt Bothnia AB \u2013 Logistik i Ume\u00e5 - Bilfrakt","isPartOf":{"@id":"https:\/\/bilfrakt.se\/#website"},"primaryImageOfPage":{"@id":"https:\/\/bilfrakt.se\/2025\/10\/16\/transportledare-till-bilfrakt-bothnia-ab-logistik-i-umea\/#primaryimage"},"image":{"@id":"https:\/\/bilfrakt.se\/2025\/10\/16\/transportledare-till-bilfrakt-bothnia-ab-logistik-i-umea\/#primaryimage"},"thumbnailUrl":"https:\/\/bilfrakt.se\/wp-content\/uploads\/2025\/02\/DSC_0143-scaled.jpg","datePublished":"2025-10-16T06:46:00+00:00","dateModified":"2025-10-16T06:47:59+00:00","author":{"@id":"https:\/\/bilfrakt.se\/#\/schema\/person\/27df08913faff4304d47baabfef3ddb2"},"breadcrumb":{"@id":"https:\/\/bilfrakt.se\/2025\/10\/16\/transportledare-till-bilfrakt-bothnia-ab-logistik-i-umea\/#breadcrumb"},"inLanguage":"en-GB","potentialAction":[{"@type":"ReadAction","target":["https:\/\/bilfrakt.se\/2025\/10\/16\/transportledare-till-bilfrakt-bothnia-ab-logistik-i-umea\/"]}]},{"@type":"ImageObject","inLanguage":"en-GB","@id":"https:\/\/bilfrakt.se\/2025\/10\/16\/transportledare-till-bilfrakt-bothnia-ab-logistik-i-umea\/#primaryimage","url":"https:\/\/bilfrakt.se\/wp-content\/uploads\/2025\/02\/DSC_0143-scaled.jpg","contentUrl":"https:\/\/bilfrakt.se\/wp-content\/uploads\/2025\/02\/DSC_0143-scaled.jpg","width":2560,"height":1707,"caption":"En rad med r\u00f6da lastbilar fr\u00e5n Bilfrakt uppst\u00e4llda p\u00e5 en solig dag med skog i bakgrunden."},{"@type":"BreadcrumbList","@id":"https:\/\/bilfrakt.se\/2025\/10\/16\/transportledare-till-bilfrakt-bothnia-ab-logistik-i-umea\/#breadcrumb","itemListElement":[{"@type":"ListItem","position":1,"name":"Hem","item":"https:\/\/bilfrakt.se\/"},{"@type":"ListItem","position":2,"name":"Transportledare till Bilfrakt Bothnia AB \u2013 Logistik i Ume\u00e5"}]},{"@type":"WebSite","@id":"https:\/\/bilfrakt.se\/#website","url":"https:\/\/bilfrakt.se\/","name":"Bilfrakt","description":"Tillsammans p&aring; v&auml;g fram&aring;t","potentialAction":[{"@type":"SearchAction","target":{"@type":"EntryPoint","urlTemplate":"https:\/\/bilfrakt.se\/?s={search_term_string}"},"query-input":{"@type":"PropertyValueSpecification","valueRequired":true,"valueName":"search_term_string"}}],"inLanguage":"en-GB"},{"@type":"Person","@id":"https:\/\/bilfrakt.se\/#\/schema\/person\/27df08913faff4304d47baabfef3ddb2","name":"CCMediaWebb","image":{"@type":"ImageObject","inLanguage":"en-GB","@id":"https:\/\/secure.gravatar.com\/avatar\/3d30a62da67f153baf68d746b63ae1042fdabdcc0c87e2e7511104e387bc38e5?s=96&d=mm&r=g","url":"https:\/\/secure.gravatar.com\/avatar\/3d30a62da67f153baf68d746b63ae1042fdabdcc0c87e2e7511104e387bc38e5?s=96&d=mm&r=g","contentUrl":"https:\/\/secure.gravatar.com\/avatar\/3d30a62da67f153baf68d746b63ae1042fdabdcc0c87e2e7511104e387bc38e5?s=96&d=mm&r=g","caption":"CCMediaWebb"},"url":"https:\/\/bilfrakt.se\/en\/author\/ccmediawebb\/"}]}},"_links":{"self":[{"href":"https:\/\/bilfrakt.se\/en\/wp-json\/wp\/v2\/posts\/24848153","targetHints":{"allow":["GET"]}}],"collection":[{"href":"https:\/\/bilfrakt.se\/en\/wp-json\/wp\/v2\/posts"}],"about":[{"href":"https:\/\/bilfrakt.se\/en\/wp-json\/wp\/v2\/types\/post"}],"author":[{"embeddable":true,"href":"https:\/\/bilfrakt.se\/en\/wp-json\/wp\/v2\/users\/8"}],"replies":[{"embeddable":true,"href":"https:\/\/bilfrakt.se\/en\/wp-json\/wp\/v2\/comments?post=24848153"}],"version-history":[{"count":3,"href":"https:\/\/bilfrakt.se\/en\/wp-json\/wp\/v2\/posts\/24848153\/revisions"}],"predecessor-version":[{"id":24848157,"href":"https:\/\/bilfrakt.se\/en\/wp-json\/wp\/v2\/posts\/24848153\/revisions\/24848157"}],"wp:featuredmedia":[{"embeddable":true,"href":"https:\/\/bilfrakt.se\/en\/wp-json\/wp\/v2\/media\/24847465"}],"wp:attachment":[{"href":"https:\/\/bilfrakt.se\/en\/wp-json\/wp\/v2\/media?parent=24848153"}],"wp:term":[{"taxonomy":"category","embeddable":true,"href":"https:\/\/bilfrakt.se\/en\/wp-json\/wp\/v2\/categories?post=24848153"},{"taxonomy":"post_tag","embeddable":true,"href":"https:\/\/bilfrakt.se\/en\/wp-json\/wp\/v2\/tags?post=24848153"},{"taxonomy":"dipi_cpt_category","embeddable":true,"href":"https:\/\/bilfrakt.se\/en\/wp-json\/wp\/v2\/dipi_cpt_category?post=24848153"}],"curies":[{"name":"wp","href":"https:\/\/api.w.org\/{rel}","templated":true}]}}