{"id":24848870,"date":"2026-09-03T11:49:12","date_gmt":"2026-09-03T11:49:12","guid":{"rendered":"https:\/\/bilfrakt.se\/?p=24848870"},"modified":"2026-09-03T12:37:38","modified_gmt":"2026-09-03T12:37:38","slug":"lat-inte-snon-bli-din-hyresgast","status":"publish","type":"post","link":"https:\/\/bilfrakt.se\/en\/2026\/09\/03\/lat-inte-snon-bli-din-hyresgast\/","title":{"rendered":"L\u00e5t inte vintern bli din hyresg\u00e4st!"},"content":{"rendered":"<p>[et_pb_section fb_built=&#8221;1&#8243; _builder_version=&#8221;4.27.8&#8243; _module_preset=&#8221;default&#8221; global_colors_info=&#8221;{}&#8221; theme_builder_area=&#8221;post_content&#8221;][et_pb_row column_structure=&#8221;1_2,1_2&#8243; _builder_version=&#8221;4.27.8&#8243; _module_preset=&#8221;default&#8221; global_colors_info=&#8221;{}&#8221; theme_builder_area=&#8221;post_content&#8221;][et_pb_column type=&#8221;1_2&#8243; _builder_version=&#8221;4.27.8&#8243; _module_preset=&#8221;default&#8221; global_colors_info=&#8221;{}&#8221; theme_builder_area=&#8221;post_content&#8221;][et_pb_text _builder_version=&#8221;4.27.8&#8243; _module_preset=&#8221;default&#8221; custom_margin=&#8221;|-51px||||&#8221; custom_padding=&#8221;|0px||||&#8221; global_colors_info=&#8221;{}&#8221; theme_builder_area=&#8221;post_content&#8221;]<\/p>\n<p><strong>Sn\u00f6n flyttar g\u00e4rna in utan att fr\u00e5ga. Den blockerar parkeringar, g\u00f6mmer trottoarer och st\u00e4ller till det f\u00f6r b\u00e5de boende och bes\u00f6kare. Vi ser till att den f\u00e5r flytta ut lika snabbt!<\/strong><\/p>\n<p>Sn\u00f6r\u00f6jning f\u00f6r bostadsr\u00e4ttsf\u00f6reningar, fastighets\u00e4gare och f\u00f6retag.<\/p>\n<p>&#8211; Trygg beredskap hela vintern<br \/>&#8211; Lokala entrepren\u00f6rer med r\u00e4tt maskiner<br \/>&#8211; Verksamma i hela V\u00e4sterbotten<\/p>\n<p>Med lokala kontor i Ume\u00e5, Skellefte\u00e5, Vindeln, Lycksele, Storuman och Hemavan finns vi n\u00e4ra dig n\u00e4r vintern g\u00f6r sig p\u00e5mind.<\/p>\n<p><strong>N\u00e4r sn\u00f6n kommer \u00e4r vi redan p\u00e5 v\u00e4g!<\/strong><\/p>\n<p>\ud83d\udcde 090-206 56 00<\/p>\n<p>\u2709\ufe0f <a href=\"mailto:vinter@bilfrakt.se\">vinter@bilfrakt.se<\/a><\/p>\n<p>[\/et_pb_text][\/et_pb_column][et_pb_column type=&#8221;1_2&#8243; _builder_version=&#8221;4.27.8&#8243; _module_preset=&#8221;default&#8221; global_colors_info=&#8221;{}&#8221; theme_builder_area=&#8221;post_content&#8221;][et_pb_image src=&#8221;https:\/\/bilfrakt.se\/wp-content\/uploads\/2026\/09\/Snorojning.png&#8221; title_text=&#8221;Sn\u00f6r\u00f6jning&#8221; _builder_version=&#8221;4.27.8&#8243; _module_preset=&#8221;default&#8221; global_colors_info=&#8221;{}&#8221; theme_builder_area=&#8221;post_content&#8221;][\/et_pb_image][\/et_pb_column][\/et_pb_row][\/et_pb_section]<\/p>\n","protected":false},"excerpt":{"rendered":"<p>Sn\u00f6n flyttar g\u00e4rna in utan att fr\u00e5ga. Den blockerar parkeringar, g\u00f6mmer trottoarer och st\u00e4ller till det f\u00f6r b\u00e5de boende och bes\u00f6kare. Vi ser till att den f\u00e5r flytta ut lika snabbt! Sn\u00f6r\u00f6jning f\u00f6r bostadsr\u00e4ttsf\u00f6reningar, fastighets\u00e4gare och f\u00f6retag. &#8211; Trygg beredskap hela vintern- Lokala entrepren\u00f6rer med r\u00e4tt maskiner- Verksamma i hela V\u00e4sterbotten Med lokala kontor i [&hellip;]<\/p>\n","protected":false},"author":4,"featured_media":24848869,"comment_status":"closed","ping_status":"closed","sticky":false,"template":"","format":"standard","meta":{"_et_pb_use_builder":"on","_et_pb_old_content":"","_et_gb_content_width":"","footnotes":""},"categories":[20],"tags":[],"dipi_cpt_category":[],"class_list":["post-24848870","post","type-post","status-publish","format-standard","has-post-thumbnail","hentry","category-aktuellt"],"yoast_head":"<!-- This site is optimized with the Yoast SEO plugin v28.4 - https:\/\/yoast.com\/product\/yoast-seo-wordpress\/ -->\n<title>L\u00e5t inte vintern bli din hyresg\u00e4st! - Bilfrakt<\/title>\n<meta name=\"robots\" content=\"index, follow, max-snippet:-1, max-image-preview:large, max-video-preview:-1\" \/>\n<link rel=\"canonical\" href=\"https:\/\/bilfrakt.se\/en\/2026\/09\/03\/lat-inte-snon-bli-din-hyresgast\/\" \/>\n<meta property=\"og:locale\" content=\"en_GB\" \/>\n<meta property=\"og:type\" content=\"article\" \/>\n<meta property=\"og:title\" content=\"L\u00e5t inte vintern bli din hyresg\u00e4st! - Bilfrakt\" \/>\n<meta property=\"og:description\" content=\"Sn\u00f6n flyttar g\u00e4rna in utan att fr\u00e5ga. Den blockerar parkeringar, g\u00f6mmer trottoarer och st\u00e4ller till det f\u00f6r b\u00e5de boende och bes\u00f6kare. Vi ser till att den f\u00e5r flytta ut lika snabbt! Sn\u00f6r\u00f6jning f\u00f6r bostadsr\u00e4ttsf\u00f6reningar, fastighets\u00e4gare och f\u00f6retag. - Trygg beredskap hela vintern- Lokala entrepren\u00f6rer med r\u00e4tt maskiner- Verksamma i hela V\u00e4sterbotten Med lokala kontor i [&hellip;]\" \/>\n<meta property=\"og:url\" content=\"https:\/\/bilfrakt.se\/en\/2026\/09\/03\/lat-inte-snon-bli-din-hyresgast\/\" \/>\n<meta property=\"og:site_name\" content=\"Bilfrakt\" \/>\n<meta property=\"article:published_time\" content=\"2026-09-03T11:49:12+00:00\" \/>\n<meta property=\"article:modified_time\" content=\"2026-09-03T12:37:38+00:00\" \/>\n<meta property=\"og:image\" content=\"https:\/\/bilfrakt.se\/wp-content\/uploads\/2026\/09\/Snorojning.png\" \/>\n\t<meta property=\"og:image:width\" content=\"1536\" \/>\n\t<meta property=\"og:image:height\" content=\"1024\" \/>\n<meta name=\"author\" content=\"Bilfrakt\" \/>\n<meta name=\"twitter:card\" content=\"summary_large_image\" \/>\n<meta name=\"twitter:label1\" content=\"Written by\" \/>\n\t<meta name=\"twitter:data1\" content=\"Bilfrakt\" \/>\n\t<meta name=\"twitter:label2\" content=\"Estimated reading time\" \/>\n\t<meta name=\"twitter:data2\" content=\"1 minute\" \/>\n<script type=\"application\/ld+json\" class=\"yoast-schema-graph\">{\"@context\":\"https:\\\/\\\/schema.org\",\"@graph\":[{\"@type\":\"Article\",\"@id\":\"https:\\\/\\\/bilfrakt.se\\\/2026\\\/09\\\/03\\\/lat-inte-snon-bli-din-hyresgast\\\/#article\",\"isPartOf\":{\"@id\":\"https:\\\/\\\/bilfrakt.se\\\/2026\\\/09\\\/03\\\/lat-inte-snon-bli-din-hyresgast\\\/\"},\"author\":{\"name\":\"Bilfrakt\",\"@id\":\"https:\\\/\\\/bilfrakt.se\\\/#\\\/schema\\\/person\\\/bc90b2d0d0233138bda26a57f804f820\"},\"headline\":\"L\u00e5t inte vintern bli din hyresg\u00e4st!\",\"datePublished\":\"2026-09-03T11:49:12+00:00\",\"dateModified\":\"2026-09-03T12:37:38+00:00\",\"mainEntityOfPage\":{\"@id\":\"https:\\\/\\\/bilfrakt.se\\\/2026\\\/09\\\/03\\\/lat-inte-snon-bli-din-hyresgast\\\/\"},\"wordCount\":257,\"image\":{\"@id\":\"https:\\\/\\\/bilfrakt.se\\\/2026\\\/09\\\/03\\\/lat-inte-snon-bli-din-hyresgast\\\/#primaryimage\"},\"thumbnailUrl\":\"https:\\\/\\\/bilfrakt.se\\\/wp-content\\\/uploads\\\/2026\\\/09\\\/Snorojning.png\",\"articleSection\":[\"Aktuellt\"],\"inLanguage\":\"en-GB\"},{\"@type\":\"WebPage\",\"@id\":\"https:\\\/\\\/bilfrakt.se\\\/2026\\\/09\\\/03\\\/lat-inte-snon-bli-din-hyresgast\\\/\",\"url\":\"https:\\\/\\\/bilfrakt.se\\\/2026\\\/09\\\/03\\\/lat-inte-snon-bli-din-hyresgast\\\/\",\"name\":\"L\u00e5t inte vintern bli din hyresg\u00e4st! - Bilfrakt\",\"isPartOf\":{\"@id\":\"https:\\\/\\\/bilfrakt.se\\\/#website\"},\"primaryImageOfPage\":{\"@id\":\"https:\\\/\\\/bilfrakt.se\\\/2026\\\/09\\\/03\\\/lat-inte-snon-bli-din-hyresgast\\\/#primaryimage\"},\"image\":{\"@id\":\"https:\\\/\\\/bilfrakt.se\\\/2026\\\/09\\\/03\\\/lat-inte-snon-bli-din-hyresgast\\\/#primaryimage\"},\"thumbnailUrl\":\"https:\\\/\\\/bilfrakt.se\\\/wp-content\\\/uploads\\\/2026\\\/09\\\/Snorojning.png\",\"datePublished\":\"2026-09-03T11:49:12+00:00\",\"dateModified\":\"2026-09-03T12:37:38+00:00\",\"author\":{\"@id\":\"https:\\\/\\\/bilfrakt.se\\\/#\\\/schema\\\/person\\\/bc90b2d0d0233138bda26a57f804f820\"},\"breadcrumb\":{\"@id\":\"https:\\\/\\\/bilfrakt.se\\\/2026\\\/09\\\/03\\\/lat-inte-snon-bli-din-hyresgast\\\/#breadcrumb\"},\"inLanguage\":\"en-GB\",\"potentialAction\":[{\"@type\":\"ReadAction\",\"target\":[\"https:\\\/\\\/bilfrakt.se\\\/2026\\\/09\\\/03\\\/lat-inte-snon-bli-din-hyresgast\\\/\"]}]},{\"@type\":\"ImageObject\",\"inLanguage\":\"en-GB\",\"@id\":\"https:\\\/\\\/bilfrakt.se\\\/2026\\\/09\\\/03\\\/lat-inte-snon-bli-din-hyresgast\\\/#primaryimage\",\"url\":\"https:\\\/\\\/bilfrakt.se\\\/wp-content\\\/uploads\\\/2026\\\/09\\\/Snorojning.png\",\"contentUrl\":\"https:\\\/\\\/bilfrakt.se\\\/wp-content\\\/uploads\\\/2026\\\/09\\\/Snorojning.png\",\"width\":1536,\"height\":1024},{\"@type\":\"BreadcrumbList\",\"@id\":\"https:\\\/\\\/bilfrakt.se\\\/2026\\\/09\\\/03\\\/lat-inte-snon-bli-din-hyresgast\\\/#breadcrumb\",\"itemListElement\":[{\"@type\":\"ListItem\",\"position\":1,\"name\":\"Hem\",\"item\":\"https:\\\/\\\/bilfrakt.se\\\/\"},{\"@type\":\"ListItem\",\"position\":2,\"name\":\"L\u00e5t inte vintern bli din hyresg\u00e4st!\"}]},{\"@type\":\"WebSite\",\"@id\":\"https:\\\/\\\/bilfrakt.se\\\/#website\",\"url\":\"https:\\\/\\\/bilfrakt.se\\\/\",\"name\":\"Bilfrakt\",\"description\":\"Tillsammans p&aring; v&auml;g fram&aring;t\",\"potentialAction\":[{\"@type\":\"SearchAction\",\"target\":{\"@type\":\"EntryPoint\",\"urlTemplate\":\"https:\\\/\\\/bilfrakt.se\\\/?s={search_term_string}\"},\"query-input\":{\"@type\":\"PropertyValueSpecification\",\"valueRequired\":true,\"valueName\":\"search_term_string\"}}],\"inLanguage\":\"en-GB\"},{\"@type\":\"Person\",\"@id\":\"https:\\\/\\\/bilfrakt.se\\\/#\\\/schema\\\/person\\\/bc90b2d0d0233138bda26a57f804f820\",\"name\":\"Bilfrakt\",\"image\":{\"@type\":\"ImageObject\",\"inLanguage\":\"en-GB\",\"@id\":\"https:\\\/\\\/secure.gravatar.com\\\/avatar\\\/5599a348ac0bea34905ab56d6ec1f51150557a1a546006f865406ce496c16869?s=96&d=mm&r=g\",\"url\":\"https:\\\/\\\/secure.gravatar.com\\\/avatar\\\/5599a348ac0bea34905ab56d6ec1f51150557a1a546006f865406ce496c16869?s=96&d=mm&r=g\",\"contentUrl\":\"https:\\\/\\\/secure.gravatar.com\\\/avatar\\\/5599a348ac0bea34905ab56d6ec1f51150557a1a546006f865406ce496c16869?s=96&d=mm&r=g\",\"caption\":\"Bilfrakt\"},\"url\":\"https:\\\/\\\/bilfrakt.se\\\/en\\\/author\\\/bilfrakt\\\/\"}]}<\/script>\n<!-- \/ Yoast SEO plugin. -->","yoast_head_json":{"title":"L\u00e5t inte vintern bli din hyresg\u00e4st! - Bilfrakt","robots":{"index":"index","follow":"follow","max-snippet":"max-snippet:-1","max-image-preview":"max-image-preview:large","max-video-preview":"max-video-preview:-1"},"canonical":"https:\/\/bilfrakt.se\/en\/2026\/09\/03\/lat-inte-snon-bli-din-hyresgast\/","og_locale":"en_GB","og_type":"article","og_title":"L\u00e5t inte vintern bli din hyresg\u00e4st! - Bilfrakt","og_description":"Sn\u00f6n flyttar g\u00e4rna in utan att fr\u00e5ga. Den blockerar parkeringar, g\u00f6mmer trottoarer och st\u00e4ller till det f\u00f6r b\u00e5de boende och bes\u00f6kare. Vi ser till att den f\u00e5r flytta ut lika snabbt! Sn\u00f6r\u00f6jning f\u00f6r bostadsr\u00e4ttsf\u00f6reningar, fastighets\u00e4gare och f\u00f6retag. - Trygg beredskap hela vintern- Lokala entrepren\u00f6rer med r\u00e4tt maskiner- Verksamma i hela V\u00e4sterbotten Med lokala kontor i [&hellip;]","og_url":"https:\/\/bilfrakt.se\/en\/2026\/09\/03\/lat-inte-snon-bli-din-hyresgast\/","og_site_name":"Bilfrakt","article_published_time":"2026-09-03T11:49:12+00:00","article_modified_time":"2026-09-03T12:37:38+00:00","og_image":[{"url":"https:\/\/bilfrakt.se\/wp-content\/uploads\/2026\/09\/Snorojning.png","width":1536,"height":1024,"type":""}],"author":"Bilfrakt","twitter_card":"summary_large_image","twitter_misc":{"Written by":"Bilfrakt","Estimated reading time":"1 minute"},"schema":{"@context":"https:\/\/schema.org","@graph":[{"@type":"Article","@id":"https:\/\/bilfrakt.se\/2026\/09\/03\/lat-inte-snon-bli-din-hyresgast\/#article","isPartOf":{"@id":"https:\/\/bilfrakt.se\/2026\/09\/03\/lat-inte-snon-bli-din-hyresgast\/"},"author":{"name":"Bilfrakt","@id":"https:\/\/bilfrakt.se\/#\/schema\/person\/bc90b2d0d0233138bda26a57f804f820"},"headline":"L\u00e5t inte vintern bli din hyresg\u00e4st!","datePublished":"2026-09-03T11:49:12+00:00","dateModified":"2026-09-03T12:37:38+00:00","mainEntityOfPage":{"@id":"https:\/\/bilfrakt.se\/2026\/09\/03\/lat-inte-snon-bli-din-hyresgast\/"},"wordCount":257,"image":{"@id":"https:\/\/bilfrakt.se\/2026\/09\/03\/lat-inte-snon-bli-din-hyresgast\/#primaryimage"},"thumbnailUrl":"https:\/\/bilfrakt.se\/wp-content\/uploads\/2026\/09\/Snorojning.png","articleSection":["Aktuellt"],"inLanguage":"en-GB"},{"@type":"WebPage","@id":"https:\/\/bilfrakt.se\/2026\/09\/03\/lat-inte-snon-bli-din-hyresgast\/","url":"https:\/\/bilfrakt.se\/2026\/09\/03\/lat-inte-snon-bli-din-hyresgast\/","name":"L\u00e5t inte vintern bli din hyresg\u00e4st! - Bilfrakt","isPartOf":{"@id":"https:\/\/bilfrakt.se\/#website"},"primaryImageOfPage":{"@id":"https:\/\/bilfrakt.se\/2026\/09\/03\/lat-inte-snon-bli-din-hyresgast\/#primaryimage"},"image":{"@id":"https:\/\/bilfrakt.se\/2026\/09\/03\/lat-inte-snon-bli-din-hyresgast\/#primaryimage"},"thumbnailUrl":"https:\/\/bilfrakt.se\/wp-content\/uploads\/2026\/09\/Snorojning.png","datePublished":"2026-09-03T11:49:12+00:00","dateModified":"2026-09-03T12:37:38+00:00","author":{"@id":"https:\/\/bilfrakt.se\/#\/schema\/person\/bc90b2d0d0233138bda26a57f804f820"},"breadcrumb":{"@id":"https:\/\/bilfrakt.se\/2026\/09\/03\/lat-inte-snon-bli-din-hyresgast\/#breadcrumb"},"inLanguage":"en-GB","potentialAction":[{"@type":"ReadAction","target":["https:\/\/bilfrakt.se\/2026\/09\/03\/lat-inte-snon-bli-din-hyresgast\/"]}]},{"@type":"ImageObject","inLanguage":"en-GB","@id":"https:\/\/bilfrakt.se\/2026\/09\/03\/lat-inte-snon-bli-din-hyresgast\/#primaryimage","url":"https:\/\/bilfrakt.se\/wp-content\/uploads\/2026\/09\/Snorojning.png","contentUrl":"https:\/\/bilfrakt.se\/wp-content\/uploads\/2026\/09\/Snorojning.png","width":1536,"height":1024},{"@type":"BreadcrumbList","@id":"https:\/\/bilfrakt.se\/2026\/09\/03\/lat-inte-snon-bli-din-hyresgast\/#breadcrumb","itemListElement":[{"@type":"ListItem","position":1,"name":"Hem","item":"https:\/\/bilfrakt.se\/"},{"@type":"ListItem","position":2,"name":"L\u00e5t inte vintern bli din hyresg\u00e4st!"}]},{"@type":"WebSite","@id":"https:\/\/bilfrakt.se\/#website","url":"https:\/\/bilfrakt.se\/","name":"Bilfrakt","description":"Tillsammans p&aring; v&auml;g fram&aring;t","potentialAction":[{"@type":"SearchAction","target":{"@type":"EntryPoint","urlTemplate":"https:\/\/bilfrakt.se\/?s={search_term_string}"},"query-input":{"@type":"PropertyValueSpecification","valueRequired":true,"valueName":"search_term_string"}}],"inLanguage":"en-GB"},{"@type":"Person","@id":"https:\/\/bilfrakt.se\/#\/schema\/person\/bc90b2d0d0233138bda26a57f804f820","name":"Bilfrakt","image":{"@type":"ImageObject","inLanguage":"en-GB","@id":"https:\/\/secure.gravatar.com\/avatar\/5599a348ac0bea34905ab56d6ec1f51150557a1a546006f865406ce496c16869?s=96&d=mm&r=g","url":"https:\/\/secure.gravatar.com\/avatar\/5599a348ac0bea34905ab56d6ec1f51150557a1a546006f865406ce496c16869?s=96&d=mm&r=g","contentUrl":"https:\/\/secure.gravatar.com\/avatar\/5599a348ac0bea34905ab56d6ec1f51150557a1a546006f865406ce496c16869?s=96&d=mm&r=g","caption":"Bilfrakt"},"url":"https:\/\/bilfrakt.se\/en\/author\/bilfrakt\/"}]}},"_links":{"self":[{"href":"https:\/\/bilfrakt.se\/en\/wp-json\/wp\/v2\/posts\/24848870","targetHints":{"allow":["GET"]}}],"collection":[{"href":"https:\/\/bilfrakt.se\/en\/wp-json\/wp\/v2\/posts"}],"about":[{"href":"https:\/\/bilfrakt.se\/en\/wp-json\/wp\/v2\/types\/post"}],"author":[{"embeddable":true,"href":"https:\/\/bilfrakt.se\/en\/wp-json\/wp\/v2\/users\/4"}],"replies":[{"embeddable":true,"href":"https:\/\/bilfrakt.se\/en\/wp-json\/wp\/v2\/comments?post=24848870"}],"version-history":[{"count":7,"href":"https:\/\/bilfrakt.se\/en\/wp-json\/wp\/v2\/posts\/24848870\/revisions"}],"predecessor-version":[{"id":24848881,"href":"https:\/\/bilfrakt.se\/en\/wp-json\/wp\/v2\/posts\/24848870\/revisions\/24848881"}],"wp:featuredmedia":[{"embeddable":true,"href":"https:\/\/bilfrakt.se\/en\/wp-json\/wp\/v2\/media\/24848869"}],"wp:attachment":[{"href":"https:\/\/bilfrakt.se\/en\/wp-json\/wp\/v2\/media?parent=24848870"}],"wp:term":[{"taxonomy":"category","embeddable":true,"href":"https:\/\/bilfrakt.se\/en\/wp-json\/wp\/v2\/categories?post=24848870"},{"taxonomy":"post_tag","embeddable":true,"href":"https:\/\/bilfrakt.se\/en\/wp-json\/wp\/v2\/tags?post=24848870"},{"taxonomy":"dipi_cpt_category","embeddable":true,"href":"https:\/\/bilfrakt.se\/en\/wp-json\/wp\/v2\/dipi_cpt_category?post=24848870"}],"curies":[{"name":"wp","href":"https:\/\/api.w.org\/{rel}","templated":true}]}}